{"id":127344,"date":"2025-05-25T16:35:08","date_gmt":"2025-05-25T16:35:08","guid":{"rendered":"https:\/\/www.europesays.com\/fr\/127344\/"},"modified":"2025-05-25T16:35:08","modified_gmt":"2025-05-25T16:35:08","slug":"pourquoi-lemission-de-fre","status":"publish","type":"post","link":"https:\/\/www.europesays.com\/fr\/127344\/","title":{"rendered":"pourquoi l\u2019\u00e9mission de Fr\u00e9 &#8230;"},"content":{"rendered":"<p class=\"tls__ed-content__exc\">Programm\u00e9e chaque dimanche \u00e0 16h55<br \/>\ndepuis le 23 octobre 2022, l\u00a0\u00bb\u00e9mission Un dimanche \u00e0 la campagne,<br \/>\npr\u00e9sent\u00e9e par Fr\u00e9d\u00e9ric Lopez, ne sera pas diffus\u00e9e sur France 2<br \/>\ndimanche 25 mai 2025. T\u00e9l\u00e9 Star vous explique aujourd&rsquo;hui<br \/>\npourquoi.<\/p>\n<p>EN BREF<\/p>\n<ul class=\"bloc_resume_post_list\">\n<li>Fr\u00e9d\u00e9ric Lopez a fait son retour sur France 2 avec<br \/>\nl&rsquo;\u00e9mission &lsquo;Un dimanche \u00e0 la campagne&rsquo; le 23 octobre 2022, apr\u00e8s<br \/>\navoir quitt\u00e9 &lsquo;Rendez-vous en terre inconnue&rsquo; d\u00e9sormais pr\u00e9sent\u00e9e<br \/>\npar Laury Thilleman.<\/li>\n<li>Ce nouveau programme reprend le concept de &lsquo;La Parenth\u00e8se<br \/>\ninattendue&rsquo;, offrant des rencontres interg\u00e9n\u00e9rationnelles et<br \/>\n\u00e9motionnelles dans un cadre paisible.<\/li>\n<li>D\u00e9couvrez comment Fr\u00e9d\u00e9ric Lopez cr\u00e9e des moments uniques<br \/>\net intimes \u00e0 la t\u00e9l\u00e9vision, malgr\u00e9 les interruptions caus\u00e9es par<br \/>\ndes \u00e9v\u00e9nements sportifs comme Roland-Garros.<\/li>\n<\/ul>\n<p>Absent de l\u2019antenne depuis qu\u2019il avait pris la d\u00e9cision<br \/>\nde\u00a0quitter l\u2019\u00e9mission<a href=\"https:\/\/www.telestar.fr\/actu-tv\/rveti\/rendez-vous-en-terre-inconnue-pourquoi-oli-avait-d-abord-refuse-d-y-participer-749172\" target=\"_self\" rel=\"nofollow noopener\">\u00a0Rendez-vous en terre inconnue<\/a>, <strong>qui<br \/>\nest d\u00e9sormais pr\u00e9sent\u00e9e par Laury Thilleman<\/strong>,\u00a0<a href=\"https:\/\/www.telestar.fr\/people\/frederic-lopez-cette-personne-qui-lui-a-retourne-le-cerveau-pour-qu-il-revienne-a-l-antenne-761718\" target=\"_self\" rel=\"nofollow noopener\">Fr\u00e9d\u00e9ric Lopez<\/a>\u00a0a effectu\u00e9 son grand retour<br \/>\nsur France 2 dimanche 23 octobre 2022. Ce jour-l\u00e0,\u00a0l\u2019animateur<br \/>\na lanc\u00e9 sa toute nouvelle \u00e9mission, baptis\u00e9e Un dimanche \u00e0 la<br \/>\ncampagne, \u00e0 partir de 16h55.<\/p>\n<p>Ce nouveau programme dominical reprend en grande partie le<br \/>\nconcept d\u2019<strong>une de ses anciennes \u00e9missions, La Parenth\u00e8se<br \/>\ninattendue<\/strong>, qui fut diffus\u00e9e quotidiennement en d\u00e9but<br \/>\nd\u2019apr\u00e8s-midi sur France 2 par le pass\u00e9.<\/p>\n<p>L&rsquo;\u00e9mission de Fr\u00e9d\u00e9ric Lopez est \u00ab\u00a0un moment hors du temps\u00a0\u00bb<\/p>\n<p>\u00ab\u00a0Une rencontre \u00e0 la fois d\u00e9tonante et pleine d\u2019\u00e9motions<br \/>\nentre trois g\u00e9n\u00e9rations et trois univers bien diff\u00e9rents. Quelque<br \/>\npart loin du tumulte, avec Fr\u00e9d\u00e9ric Lopez, <strong>ils se<br \/>\nsont retrouv\u00e9s le temps d\u2019un week-end.\u00a0<\/strong>Un<br \/>\nmoment hors du temps pour se rencontrer et pour parler d\u2019amour,<br \/>\nd\u2019amiti\u00e9, de la vie\u00a0\u00bb,a indiqu\u00e9 France 2 dans un<br \/>\ncommuniqu\u00e9.<\/p>\n<p>\u00ab\u00a0Dans une maison ouverte \u00e0 l\u2019inattendu et aux visites<br \/>\nsurprises. Entre \u00e9motion et fous rires, chacun d\u00e9voile le fil<br \/>\ninvisible de son histoire. Pour <strong>un dimanche \u00e0 la<br \/>\ncampagne qui ne ressemble \u00e0 aucun autre<\/strong>\u00ab\u00a0, a<br \/>\n\u00e9galement ajout\u00e9 la cha\u00eene publique.<\/p>\n<p>Un dimanche \u00e0 la campagne : Fr\u00e9d\u00e9ric<br \/>\nLopez encore remplac\u00e9 par Roland-Garros cette semaine<\/p>\n<p>Apr\u00e8s avoir accueilli les com\u00e9diennes Charlotte de Turckheim et<br \/>\nBarbara Schulz, ainsi que les rappeurs Big Flo et Oli lors du tout<br \/>\npremier num\u00e9ro de l\u2019\u00e9mission Un dimanche \u00e0 la campagne, Fr\u00e9d\u00e9ric<br \/>\nLopez avait convi\u00e9\u00a0les actrices Mich\u00e8le Bernier<br \/>\net\u00a0<a href=\"https:\/\/www.closermag.fr\/people\/sofia-essaidi-ses-rares-confidences-sur-adrien-galo-son-compagnon-depuis-13-ans-1649680\" target=\"_blank\" rel=\"noopener nofollow\">Sofia Essa\u00efdi<\/a>, <strong>ainsi que<br \/>\nle magicien Fabien Olicard<\/strong>\u00a0lors de la 2\u00e8me \u00e9dition<br \/>\ndiffus\u00e9 dimanche 6 novembre 2022 sur France 2.<\/p>\n<p>Cependant, l\u2019animateur ne recevra personne dimanche 25 mai 2025.<br \/>\nEn effet, <strong>l\u2019\u00e9mission Un dimanche \u00e0 la campagne ne sera pas<br \/>\ndiffus\u00e9e cette semaine<\/strong>. \u00c0 la place, France 2 retransmettra<br \/>\nen direct les rencontres du tournoi de tennis de Roland-Garros.<br \/>\nPour rappel, la comp\u00e9tition parisienne fait partie des quatre<br \/>\ntournois du Grand Chelem sur le circuit mondial. Roland-Garros<br \/>\nvient g\u00e9n\u00e9ralement conclure la partie de la saison se d\u00e9roulant sur<br \/>\nterre battue. Et ainsi donner le coup d&rsquo;envoi au tournois disput\u00e9s<br \/>\nsur gazon.<\/p>\n","protected":false},"excerpt":{"rendered":"Programm\u00e9e chaque dimanche \u00e0 16h55 depuis le 23 octobre 2022, l\u00a0\u00bb\u00e9mission Un dimanche \u00e0 la campagne, pr\u00e9sent\u00e9e par&hellip;\n","protected":false},"author":2,"featured_media":127345,"comment_status":"","ping_status":"","sticky":false,"template":"","format":"standard","meta":{"footnotes":""},"categories":[1356],"tags":[548,58,59,1011,27,9481,252,1364],"class_list":{"0":"post-127344","1":"post","2":"type-post","3":"status-publish","4":"format-standard","5":"has-post-thumbnail","7":"category-television","8":"tag-article-simple","9":"tag-divertissement","10":"tag-entertainment","11":"tag-fr","12":"tag-france","13":"tag-frederic-lopez","14":"tag-television","15":"tag-tv"},"share_on_mastodon":{"url":"https:\/\/pubeurope.com\/@fr\/114569446929672223","error":""},"_links":{"self":[{"href":"https:\/\/www.europesays.com\/fr\/wp-json\/wp\/v2\/posts\/127344","targetHints":{"allow":["GET"]}}],"collection":[{"href":"https:\/\/www.europesays.com\/fr\/wp-json\/wp\/v2\/posts"}],"about":[{"href":"https:\/\/www.europesays.com\/fr\/wp-json\/wp\/v2\/types\/post"}],"author":[{"embeddable":true,"href":"https:\/\/www.europesays.com\/fr\/wp-json\/wp\/v2\/users\/2"}],"replies":[{"embeddable":true,"href":"https:\/\/www.europesays.com\/fr\/wp-json\/wp\/v2\/comments?post=127344"}],"version-history":[{"count":0,"href":"https:\/\/www.europesays.com\/fr\/wp-json\/wp\/v2\/posts\/127344\/revisions"}],"wp:featuredmedia":[{"embeddable":true,"href":"https:\/\/www.europesays.com\/fr\/wp-json\/wp\/v2\/media\/127345"}],"wp:attachment":[{"href":"https:\/\/www.europesays.com\/fr\/wp-json\/wp\/v2\/media?parent=127344"}],"wp:term":[{"taxonomy":"category","embeddable":true,"href":"https:\/\/www.europesays.com\/fr\/wp-json\/wp\/v2\/categories?post=127344"},{"taxonomy":"post_tag","embeddable":true,"href":"https:\/\/www.europesays.com\/fr\/wp-json\/wp\/v2\/tags?post=127344"}],"curies":[{"name":"wp","href":"https:\/\/api.w.org\/{rel}","templated":true}]}}