{"id":127346,"date":"2025-05-25T16:36:19","date_gmt":"2025-05-25T16:36:19","guid":{"rendered":"https:\/\/www.europesays.com\/fr\/127346\/"},"modified":"2025-05-25T16:36:19","modified_gmt":"2025-05-25T16:36:19","slug":"la-story-match-le-jour-ou-jacques-dutronc-a-du-aller-recuperer-jacques-villeret-ivre-mort-dans-un-magasin","status":"publish","type":"post","link":"https:\/\/www.europesays.com\/fr\/127346\/","title":{"rendered":"La Story Match\u00a0: le jour o\u00f9 Jacques Dutronc a d\u00fb aller r\u00e9cup\u00e9rer Jacques Villeret, \u00ab\u00a0ivre mort\u00a0\u00bb dans un magasin"},"content":{"rendered":"<p><a href=\"https:\/\/www.parismatch.be\/actualites\/people\/2025\/05\/11\/la-story-match-comment-louis-de-funes-a-decide-de-desheriter-daniel-son-fils-aine-a-cause-de-sa-deuxieme-femme-NLXS3VKREJFKLCMF7NSW3Y2DOI\/\" target=\"_blank\" rel=\"noopener noreferrer\" class=\"ap-StoryInterstitialLink ap-StoryElement ap-StoryElement--mb\">La Story Match : comment Louis de Fun\u00e8s a d\u00e9cid\u00e9 de d\u00e9sh\u00e9riter Daniel, son fils a\u00een\u00e9, \u00e0 cause de sa deuxi\u00e8me femme<\/a>\u00ab\u00a0Il gueulait, mena\u00e7ait de tout casser\u00a0\u00bb<\/p>\n<p class=\"ap-StoryElement ap-StoryElement--mb ap-StoryText\">Jacques Dutronc raconte qu&rsquo;un jour, Fran\u00e7oise Hardy \u00ab\u00a0a cru qu&rsquo;il \u00e9tait mort\u00a0\u00bb, parce que \u00ab\u00a0\u00e7a faisait 24 heures d&rsquo;affil\u00e9e qu&rsquo;il dormait\u00a0\u00bb. Avant d&rsquo;ajouter que c&rsquo;\u00e9tait \u00ab\u00a0sans doute\u00a0\u00bb \u00e0 cause du vin blanc, rapportait T\u00e9l\u00e9-Loisirs en 2023. En effet, Jacques Villeret \u00e9tait un artiste dou\u00e9 mais tortur\u00e9, hypersensible mais aussi alcoolique et marqu\u00e9 par son enfance. Il se souvient \u00e9galement \u00eatre all\u00e9 \u00ab\u00a0le cherche au commissariat \u00e0 plusieurs reprises, avec Lelouch\u00a0\u00bb.<\/p>\n<p><a href=\"https:\/\/www.parismatch.be\/actualites\/people\/2025\/05\/18\/la-story-match-le-jour-ou-brigitte-bardot-a-supplier-francoise-hardy-de-calmer-jacques-dutronc-qui-chantait-nu-devant-le-president-FW3UFAOPDNHNJCLHKCUD4BL7YE\/\" target=\"_blank\" rel=\"noopener noreferrer\" class=\"ap-StoryInterstitialLink ap-StoryElement ap-StoryElement--mb\">La Story Match : le jour o\u00f9 Brigitte Bardot a suppli\u00e9 Fran\u00e7oise Hardy de calmer Jacques Dutronc, qui chantait\u2026 nu devant le pr\u00e9sident<\/a><\/p>\n<p class=\"ap-StoryElement ap-StoryElement--mb ap-StoryText\">Il raconte alors une anecdote surprenante. \u00ab\u00a0Un jour, une des patronnes d&rsquo;un magasin de gadgets haut de gamme de l&rsquo;avenue Marceau que je fr\u00e9quentais un peu m&rsquo;appelle en me disant : &lsquo;Il faut que vous veniez vite, vitre, Jacques Villeret est en train de foutre la merde dans sa boutique, \u00e7a va d\u00e9g\u00e9n\u00e9rer !'\u00a0\u00bb, d\u00e9crit-il. \u00ab\u00a0J&rsquo;y suis all\u00e9, il \u00e9tait ivre mort. Enfin non, h\u00e9las pour lui, seulement ivre. Il gueulait, mena\u00e7ait de tout casser. J&rsquo;ai essay\u00e9 de le calmer, ce qui n&rsquo;est pas facile \u2013 il \u00e9tait d&rsquo;une force hercul\u00e9enne, surtout dans cet \u00e9tat-l\u00e0. Finalement, j&rsquo;y suis arriv\u00e9, un peu tard. J&rsquo;ai vu d\u00e9barquer les CRS, ils l&rsquo;ont mis \u00e0 terre \u00e0 coups de matraque dans les jambes et ils l&rsquo;ont emmen\u00e9. Tout le temps que \u00e7a a dur\u00e9, il n&rsquo;arr\u00eatait pas de crier : &lsquo;Toutes des salopes !&rsquo; Avait-il tort ? Je ne sais pas. Je ne connais pas bien le quartier.\u00a0\u00bb<\/p>\n","protected":false},"excerpt":{"rendered":"La Story Match : comment Louis de Fun\u00e8s a d\u00e9cid\u00e9 de d\u00e9sh\u00e9riter Daniel, son fils a\u00een\u00e9, \u00e0 cause&hellip;\n","protected":false},"author":2,"featured_media":127347,"comment_status":"","ping_status":"","sticky":false,"template":"","format":"standard","meta":{"footnotes":""},"categories":[1355],"tags":[25089,58,59,22616,1011,27,25090,1227,1361,873,25091,1467],"class_list":{"0":"post-127346","1":"post","2":"type-post","3":"status-publish","4":"format-standard","5":"has-post-thumbnail","7":"category-musique","8":"tag-british-royal-family","9":"tag-divertissement","10":"tag-entertainment","11":"tag-final","12":"tag-fr","13":"tag-france","14":"tag-hand-waving","15":"tag-horizontal","16":"tag-music","17":"tag-musique","18":"tag-royal-family","19":"tag-tennis"},"share_on_mastodon":{"url":"https:\/\/pubeurope.com\/@fr\/114569450996040198","error":""},"_links":{"self":[{"href":"https:\/\/www.europesays.com\/fr\/wp-json\/wp\/v2\/posts\/127346","targetHints":{"allow":["GET"]}}],"collection":[{"href":"https:\/\/www.europesays.com\/fr\/wp-json\/wp\/v2\/posts"}],"about":[{"href":"https:\/\/www.europesays.com\/fr\/wp-json\/wp\/v2\/types\/post"}],"author":[{"embeddable":true,"href":"https:\/\/www.europesays.com\/fr\/wp-json\/wp\/v2\/users\/2"}],"replies":[{"embeddable":true,"href":"https:\/\/www.europesays.com\/fr\/wp-json\/wp\/v2\/comments?post=127346"}],"version-history":[{"count":0,"href":"https:\/\/www.europesays.com\/fr\/wp-json\/wp\/v2\/posts\/127346\/revisions"}],"wp:featuredmedia":[{"embeddable":true,"href":"https:\/\/www.europesays.com\/fr\/wp-json\/wp\/v2\/media\/127347"}],"wp:attachment":[{"href":"https:\/\/www.europesays.com\/fr\/wp-json\/wp\/v2\/media?parent=127346"}],"wp:term":[{"taxonomy":"category","embeddable":true,"href":"https:\/\/www.europesays.com\/fr\/wp-json\/wp\/v2\/categories?post=127346"},{"taxonomy":"post_tag","embeddable":true,"href":"https:\/\/www.europesays.com\/fr\/wp-json\/wp\/v2\/tags?post=127346"}],"curies":[{"name":"wp","href":"https:\/\/api.w.org\/{rel}","templated":true}]}}