{"id":127357,"date":"2025-05-25T16:43:08","date_gmt":"2025-05-25T16:43:08","guid":{"rendered":"https:\/\/www.europesays.com\/fr\/127357\/"},"modified":"2025-05-25T16:43:08","modified_gmt":"2025-05-25T16:43:08","slug":"le-president-est-arrive-au-vietnam","status":"publish","type":"post","link":"https:\/\/www.europesays.com\/fr\/127357\/","title":{"rendered":"le pr\u00e9sident est arriv\u00e9 au Vietnam"},"content":{"rendered":"<p>                             Par Le Figaro avec AFP<\/p>\n<p>                Il y a 9 minutes<\/p>\n<p>\u00a0\u00bb<br \/>\n        data-script=\u00a0\u00bbhttps:\/\/static.lefigaro.fr\/widget-video\/short-ttl\/video\/index.js\u00a0\u00bb<br \/>\n    &gt;<\/p>\n<p>Le chef d\u2019\u00c9tat fran\u00e7ais commence son voyage par un premier arr\u00eat \u00e0 Hano\u00ef, avant de se rendre mardi en Indon\u00e9sie. Il terminera sa tourn\u00e9e vendredi \u00e0 Singapour.<\/p>\n<p class=\"fig-paragraph\"><a href=\"http:\/\/www.lefigaro.fr\/vox\/societe\/bertille-bayart-emmanuel-macron-un-bilan-deux-ambiances-20250520\" target=\"_blank\" data-fig-type=\"Article\" rel=\"noopener nofollow\" data-gtm-custom-categorie=\"navigation\" data-gtm-custom-action=\"crossclick\" data-gtm-custom-label=\"Contextuel\" data-gtm-event=\"customEventSPE\" data-fig-domain=\"LEFIGARO\">Emmanuel Macron<\/a>\u00a0est arriv\u00e9 dimanche soir \u00e0 Hano\u00ef, au Vietnam, pour d\u00e9marrer une<a href=\"http:\/\/www.lefigaro.fr\/international\/en-asie-du-sud-est-emmanuel-macron-veut-profiter-de-la-rivalite-entre-donald-trump-et-xi-jinping-20250523\" target=\"_blank\" data-fig-type=\"Article\" rel=\"noopener nofollow\" data-gtm-custom-categorie=\"navigation\" data-gtm-custom-action=\"crossclick\" data-gtm-custom-label=\"Contextuel\" data-gtm-event=\"customEventSPE\" data-fig-domain=\"LEFIGARO\">\u00a0tourn\u00e9e en Asie du Sud-Est\u00a0<\/a>qui le m\u00e8nera, jusqu\u2019\u00e0 vendredi, en Indon\u00e9sie puis \u00e0 Singapour, ont constat\u00e9 des journalistes de l\u2019AFP. Le pr\u00e9sident fran\u00e7ais, accompagn\u00e9 de son \u00e9pouse\u00a0<a href=\"http:\/\/www.lefigaro.fr\/international\/emmanuel-et-brigitte-macron-en-visite-d-etat-du-8-au-10-juillet-au-royaume-uni-indique-l-elysee-20250513\" target=\"_blank\" data-fig-type=\"NewsFlash\" rel=\"noopener nofollow\" data-gtm-custom-categorie=\"navigation\" data-gtm-custom-action=\"crossclick\" data-gtm-custom-label=\"Contextuel\" data-gtm-event=\"customEventSPE\" data-fig-domain=\"LEFIGARO\">Brigitte Macron<\/a>, sera re\u00e7u lundi par son homologue vietnamien Luong Cuong et par le secr\u00e9taire g\u00e9n\u00e9ral du Parti communiste T\u00f4 L\u00e2m, pour cette premi\u00e8re de trois visites d\u2019\u00c9tat en un peu moins d\u2019une semaine. Mardi, il rencontrera des acteurs du secteur de l\u2019\u00e9nergie, th\u00e8me-cl\u00e9 de sa visite, et \u00e9changera avec des \u00e9tudiants vietnamiens.<\/p>\n<p class=\"fig-paragraph\">Apr\u00e8s s\u2019\u00eatre rendu plusieurs fois en Inde et en Chine, mais aussi dans des pays de l\u2019oc\u00e9an Pacifique comme le Vanuatu ou la\u00a0<a href=\"http:\/\/www.lefigaro.fr\/international\/papouasie-nouvelle-guinee-un-seisme-de-magnitude-6-6-s-est-produit-au-large-des-cotes-20250520\" target=\"_blank\" data-fig-type=\"NewsFlash\" rel=\"noopener nofollow\" data-gtm-custom-categorie=\"navigation\" data-gtm-custom-action=\"crossclick\" data-gtm-custom-label=\"Contextuel\" data-gtm-event=\"customEventSPE\" data-fig-domain=\"LEFIGARO\">Papouasie-Nouvelle Guin\u00e9e<\/a>, et r\u00e9cemment dans l\u2019oc\u00e9an Indien, il entend mettre \u00e0 profit ce nouveau d\u00e9placement pour d\u00e9fendre sa \u00abstrat\u00e9gie indopacifique\u00bb. \u00c9nonc\u00e9e d\u00e8s 2018, elle consiste \u00e0 proposer une troisi\u00e8me voie aux pays de la r\u00e9gion, pris en tenailles dans la confrontation entre les \u00c9tats-Unis et la Chine, et trouve selon Paris toute sa pertinence depuis le\u00a0<a href=\"http:\/\/www.lefigaro.fr\/international\/retour-de-donald-trump-a-la-maison-blanche-cent-jours-de-presidence-en-dix-photos-20250429\" target=\"_blank\" data-fig-type=\"Article\" rel=\"noopener nofollow\" data-gtm-custom-categorie=\"navigation\" data-gtm-custom-action=\"crossclick\" data-gtm-custom-label=\"Contextuel\" data-gtm-event=\"customEventSPE\" data-fig-domain=\"LEFIGARO\">retour de Donald Trump \u00e0 la Maison-Blanche<\/a>\u00a0avec ses menaces de guerre commerciale.<\/p>\n<p>Une premi\u00e8re visite au Vietnam<\/p>\n<p class=\"fig-paragraph\">Au Vietnam, o\u00f9 Emmanuel Macron se rend pour la premi\u00e8re fois, cette posture de \u00abpuissance d\u2019\u00e9quilibre\u00bb peut trouver un \u00e9cho\u00a0: le pays veille lui-m\u00eame \u00e0 trouver un certain \u00e9quilibre dans ses\u00a0<a href=\"http:\/\/www.lefigaro.fr\/conjoncture\/dossier\/guerre-commerciale-chine-etats-unis-origine-resume\" target=\"_blank\" data-fig-type=\"Topic\" rel=\"noopener nofollow\" data-gtm-custom-categorie=\"navigation\" data-gtm-custom-action=\"crossclick\" data-gtm-custom-label=\"Contextuel\" data-gtm-event=\"customEventSPE\" data-fig-domain=\"LEFIGARO\">relations avec la Chine et les \u00c9tats-Unis<\/a>, afin de maximiser ses int\u00e9r\u00eats commerciaux, dans la lign\u00e9e de sa \u00abdiplomatie du bambou\u00bb.<\/p>\n<p class=\"fig-paragraph\">L\u2019\u00c9lys\u00e9e esp\u00e8re y \u00abrenforcer les coop\u00e9rations dans les secteurs strat\u00e9giques tels que l\u2019\u00e9nergie, les transports et la d\u00e9fense\u00bb. Plusieurs patrons d\u2019entreprises fran\u00e7aises accompagnent le pr\u00e9sident dans tout ou partie de sa tourn\u00e9e, dont ceux d\u2019EDF, Dassault Aviation, Airbus Aviation, Naval Group, Eramet ou encore CMA GCM. Les anciens liens coloniaux rendent la relation franco-vietnamienne complexe. Le chef de l\u2019\u00c9tat rendra lundi matin un hommage \u00e0 la m\u00e9moire des combattants de la guerre d\u2019Indochine qui se battirent pour l\u2019ind\u00e9pendance.<\/p>\n<p class=\"fig-paragraph\">Il sera aussi re\u00e7u lundi par le secr\u00e9taire g\u00e9n\u00e9ral du Parti communiste vietnamien, consid\u00e9r\u00e9 comme le dirigeant le plus puissant du pays, qu\u2019il avait lui-m\u00eame accueilli \u00e0 Paris en octobre. Les deux hommes d\u00e9jeuneront au temple de la Litt\u00e9rature, lieu embl\u00e9matique de la culture vietnamienne.<\/p>\n<p class=\"fig-paragraph\">Mardi soir, le pr\u00e9sident fran\u00e7ais s\u2019envolera pour\u00a0<a href=\"http:\/\/www.lefigaro.fr\/conjoncture\/la-france-et-l-indonesie-vont-renforcer-leurs-liens-de-defense-et-economiques-souhaite-emmanuel-macron-20250404\" target=\"_blank\" data-fig-type=\"NewsFlash\" rel=\"noopener nofollow\" data-gtm-custom-categorie=\"navigation\" data-gtm-custom-action=\"crossclick\" data-gtm-custom-label=\"Contextuel\" data-gtm-event=\"customEventSPE\" data-fig-domain=\"LEFIGARO\">l\u2019Indon\u00e9sie<\/a>, et il terminera sa tourn\u00e9e vendredi \u00e0 Singapour, o\u00f9 il prononcera le discours d\u2019ouverture du Shangri-La Dialogue, plus grand forum sur la s\u00e9curit\u00e9 et la d\u00e9fense en Asie.<\/p>\n","protected":false},"excerpt":{"rendered":"Par Le Figaro avec AFP Il y a 9 minutes \u00a0\u00bb data-script=\u00a0\u00bbhttps:\/\/static.lefigaro.fr\/widget-video\/short-ttl\/video\/index.js\u00a0\u00bb &gt; Le chef d\u2019\u00c9tat fran\u00e7ais commence&hellip;\n","protected":false},"author":2,"featured_media":127358,"comment_status":"","ping_status":"","sticky":false,"template":"","format":"standard","meta":{"footnotes":""},"categories":[5],"tags":[259,11,260,6060,1073,1011,27,14,261,12,262,951,28],"class_list":{"0":"post-127357","1":"post","2":"type-post","3":"status-publish","4":"format-standard","5":"has-post-thumbnail","7":"category-international","8":"tag-actualite-internationale","9":"tag-actualites","10":"tag-affaires-etrangeres","11":"tag-asie","12":"tag-emmanuel-macron","13":"tag-fr","14":"tag-france","15":"tag-international","16":"tag-ministere-des-affaires-etrangeres","17":"tag-news","18":"tag-politique-etrangere","19":"tag-vietnam","20":"tag-world"},"share_on_mastodon":{"url":"https:\/\/pubeurope.com\/@fr\/114569478347104218","error":""},"_links":{"self":[{"href":"https:\/\/www.europesays.com\/fr\/wp-json\/wp\/v2\/posts\/127357","targetHints":{"allow":["GET"]}}],"collection":[{"href":"https:\/\/www.europesays.com\/fr\/wp-json\/wp\/v2\/posts"}],"about":[{"href":"https:\/\/www.europesays.com\/fr\/wp-json\/wp\/v2\/types\/post"}],"author":[{"embeddable":true,"href":"https:\/\/www.europesays.com\/fr\/wp-json\/wp\/v2\/users\/2"}],"replies":[{"embeddable":true,"href":"https:\/\/www.europesays.com\/fr\/wp-json\/wp\/v2\/comments?post=127357"}],"version-history":[{"count":0,"href":"https:\/\/www.europesays.com\/fr\/wp-json\/wp\/v2\/posts\/127357\/revisions"}],"wp:featuredmedia":[{"embeddable":true,"href":"https:\/\/www.europesays.com\/fr\/wp-json\/wp\/v2\/media\/127358"}],"wp:attachment":[{"href":"https:\/\/www.europesays.com\/fr\/wp-json\/wp\/v2\/media?parent=127357"}],"wp:term":[{"taxonomy":"category","embeddable":true,"href":"https:\/\/www.europesays.com\/fr\/wp-json\/wp\/v2\/categories?post=127357"},{"taxonomy":"post_tag","embeddable":true,"href":"https:\/\/www.europesays.com\/fr\/wp-json\/wp\/v2\/tags?post=127357"}],"curies":[{"name":"wp","href":"https:\/\/api.w.org\/{rel}","templated":true}]}}