{"id":127359,"date":"2025-05-25T16:44:10","date_gmt":"2025-05-25T16:44:10","guid":{"rendered":"https:\/\/www.europesays.com\/fr\/127359\/"},"modified":"2025-05-25T16:44:10","modified_gmt":"2025-05-25T16:44:10","slug":"municipales-a-saint-ouen-tu-viens-nous-emmerder-on-va-te-defoncer-karim-bouamrane-se-lache-sur-eric-coquerel","status":"publish","type":"post","link":"https:\/\/www.europesays.com\/fr\/127359\/","title":{"rendered":"Municipales \u00e0 Saint-Ouen : \u00ab\u00a0Tu viens nous emmerder, on va te d\u00e9foncer\u00a0\u00bb&#8230; Karim Bouamrane se l\u00e2che sur \u00c9ric Coquerel"},"content":{"rendered":"<p class=\"col subheadline margin_bottom_subheadline widescreen-12 desktop-10\">Alors qu\u2019une candidature insoumise se pr\u00e9cise \u00e0 Saint-Ouen (Seine-Saint-Denis) l\u2019an prochain, le maire de la ville a profit\u00e9 d\u2019un meeting d\u2019opposants socialistes \u00e0 Olivier Faure pour lancer un avertissement au d\u00e9put\u00e9 insoumis de la circonscription. Ce dernier d\u00e9nonce \u00ab\u00a0des propos violents, brutaux, mena\u00e7ants\u00a0\u00bb.<\/p>\n<p>Par Th\u00e9o Uhart\u00a0<\/p>\n<p>Le 25 mai 2025 \u00e0 16h27<\/p>\n","protected":false},"excerpt":{"rendered":"Alors qu\u2019une candidature insoumise se pr\u00e9cise \u00e0 Saint-Ouen (Seine-Saint-Denis) l\u2019an prochain, le maire de la ville a profit\u00e9&hellip;\n","protected":false},"author":2,"featured_media":127360,"comment_status":"","ping_status":"","sticky":false,"template":"","format":"standard","meta":{"footnotes":""},"categories":[4],"tags":[11,1011,27,1944,12,25,1945],"class_list":{"0":"post-127359","1":"post","2":"type-post","3":"status-publish","4":"format-standard","5":"has-post-thumbnail","7":"category-france","8":"tag-actualites","9":"tag-fr","10":"tag-france","11":"tag-ma-ville","12":"tag-news","13":"tag-republique-francaise","14":"tag-seine-saint-denis"},"share_on_mastodon":{"url":"https:\/\/pubeurope.com\/@fr\/114569482328284543","error":""},"_links":{"self":[{"href":"https:\/\/www.europesays.com\/fr\/wp-json\/wp\/v2\/posts\/127359","targetHints":{"allow":["GET"]}}],"collection":[{"href":"https:\/\/www.europesays.com\/fr\/wp-json\/wp\/v2\/posts"}],"about":[{"href":"https:\/\/www.europesays.com\/fr\/wp-json\/wp\/v2\/types\/post"}],"author":[{"embeddable":true,"href":"https:\/\/www.europesays.com\/fr\/wp-json\/wp\/v2\/users\/2"}],"replies":[{"embeddable":true,"href":"https:\/\/www.europesays.com\/fr\/wp-json\/wp\/v2\/comments?post=127359"}],"version-history":[{"count":0,"href":"https:\/\/www.europesays.com\/fr\/wp-json\/wp\/v2\/posts\/127359\/revisions"}],"wp:featuredmedia":[{"embeddable":true,"href":"https:\/\/www.europesays.com\/fr\/wp-json\/wp\/v2\/media\/127360"}],"wp:attachment":[{"href":"https:\/\/www.europesays.com\/fr\/wp-json\/wp\/v2\/media?parent=127359"}],"wp:term":[{"taxonomy":"category","embeddable":true,"href":"https:\/\/www.europesays.com\/fr\/wp-json\/wp\/v2\/categories?post=127359"},{"taxonomy":"post_tag","embeddable":true,"href":"https:\/\/www.europesays.com\/fr\/wp-json\/wp\/v2\/tags?post=127359"}],"curies":[{"name":"wp","href":"https:\/\/api.w.org\/{rel}","templated":true}]}}