{"id":127363,"date":"2025-05-25T16:46:10","date_gmt":"2025-05-25T16:46:10","guid":{"rendered":"https:\/\/www.europesays.com\/fr\/127363\/"},"modified":"2025-05-25T16:46:10","modified_gmt":"2025-05-25T16:46:10","slug":"loire-un-incendie-se-declare-dans-une-societe-de-traitement-des-dechets-a-la-ricamarie","status":"publish","type":"post","link":"https:\/\/www.europesays.com\/fr\/127363\/","title":{"rendered":"Loire. Un incendie se d\u00e9clare dans une soci\u00e9t\u00e9 de traitement des d\u00e9chets \u00e0 La Ricamarie"},"content":{"rendered":"<p>Samedi, peu apr\u00e8s 20\u00a0heures, un incendie s&rsquo;est d\u00e9clar\u00e9 au sein de l&rsquo;entreprise Sermaco, situ\u00e9e impasse Ren\u00e9-Varennes \u00e0 La Ricamarie. La soci\u00e9t\u00e9, situ\u00e9e en contrebas de l&rsquo;hypermarch\u00e9 Carrefour, est sp\u00e9cialis\u00e9e dans la gestion et le recyclage des d\u00e9chets.<\/p>\n<p>Ce contenu est bloqu\u00e9 car vous n&rsquo;avez pas accept\u00e9 les cookies et autres traceurs.<\/p>\n<p>En cliquant sur \u00ab J\u2019accepte \u00bb, les cookies et autres traceurs seront d\u00e9pos\u00e9s et vous pourrez visualiser les contenus  (<a href=\"\" class=\"consentModule_policy\" target=\"_blank\" title=\"Consulter la politique de protection des donn\u00e9es du fournisseur\">plus d&rsquo;informations<\/a>).<\/p>\n<p>En cliquant sur \u00ab J\u2019accepte tous les cookies \u00bb, vous autorisez des d\u00e9p\u00f4ts de cookies et autres traceurs pour le stockage de vos donn\u00e9es sur nos sites et applications \u00e0 des fins de personnalisation et de ciblage publicitaire.<\/p>\n<p class=\"consentModule_secondaryText\">Vous gardez la possibilit\u00e9 de retirer votre consentement \u00e0 tout moment en consultant notre <a href=\"https:\/\/www.leprogres.fr\/protection-des-donnees\" target=\"_blank\" title=\"Consulter notre politique de protection des donn\u00e9es\" rel=\"noopener\">politique de protection des donn\u00e9es<\/a>. <br \/>&#13;<br \/>\n            <a href=\"https:\/\/www.leprogres.fr\/faits-divers-justice\/2025\/05\/24\/javascript:Didomi.notice.show()\" class=\"consentModule_cmp\" target=\"_blank\" rel=\"noopener\">G\u00e9rer mes choix<\/a>&#13;\n        <\/p>\n<p>&#13;<br \/>\n                        J&rsquo;accepte&#13;<br \/>\n            J&rsquo;accepte tous les cookies&#13;\n        <\/p>\n<p>Consid\u00e9rant la nature du site, un important dispositif de secours a \u00e9t\u00e9 d\u00e9ploy\u00e9, mobilisant vingt-six sapeurs-pompiers.<\/p>\n<p>Le syst\u00e8me de d\u00e9tection d&rsquo;incendie donne l&rsquo;alerte<\/p>\n<p>Sur place, les secours constataient que le sinistre concernait, selon une source aupr\u00e8s du service d\u00e9partemental d&rsquo;incendie et de secours, un volume de \u00ab 180 m3 de d\u00e9chets de recyclage dans un b\u00e2timent de 2500 m\u00b2\u00a0\u00bb.<\/p>\n<p>Deux lances ont \u00e9t\u00e9 mises en batterie par les secours, permettant imm\u00e9diatement d&rsquo;enrayer la propagation du feu et de pr\u00e9server le b\u00e2timent ainsi que les engins de la soci\u00e9t\u00e9. Outre l&rsquo;action d\u00e9terminante des secours, qui ont permis d&rsquo;\u00e9viter que le sinistre ait un impact sur l&rsquo;activit\u00e9 de l&rsquo;entreprise, le syst\u00e8me de d\u00e9tection dont est \u00e9quip\u00e9 le site a \u00e9galement permis d&rsquo;intervenir suffisamment t\u00f4t.<\/p>\n","protected":false},"excerpt":{"rendered":"Samedi, peu apr\u00e8s 20\u00a0heures, un incendie s&rsquo;est d\u00e9clar\u00e9 au sein de l&rsquo;entreprise Sermaco, situ\u00e9e impasse Ren\u00e9-Varennes \u00e0 La&hellip;\n","protected":false},"author":2,"featured_media":127364,"comment_status":"","ping_status":"","sticky":false,"template":"","format":"standard","meta":{"footnotes":""},"categories":[9653],"tags":[1111,11,2430,7539,1777,674,274,107,1011,27,1310,11324,11325,3367,12,25,4001],"class_list":{"0":"post-127363","1":"post","2":"type-post","3":"status-publish","4":"format-standard","5":"has-post-thumbnail","7":"category-saint-etienne","8":"tag-actu","9":"tag-actualites","10":"tag-auvergne-rhone-alpes","11":"tag-edition-loire-sud","12":"tag-eu","13":"tag-europe","14":"tag-faits-divers-justice","15":"tag-fil-info","16":"tag-fr","17":"tag-france","18":"tag-incendie","19":"tag-la-ricamarie","20":"tag-la-ricamarie-ville","21":"tag-loire","22":"tag-news","23":"tag-republique-francaise","24":"tag-saint-etienne"},"share_on_mastodon":{"url":"https:\/\/pubeurope.com\/@fr\/114569490153814925","error":""},"_links":{"self":[{"href":"https:\/\/www.europesays.com\/fr\/wp-json\/wp\/v2\/posts\/127363","targetHints":{"allow":["GET"]}}],"collection":[{"href":"https:\/\/www.europesays.com\/fr\/wp-json\/wp\/v2\/posts"}],"about":[{"href":"https:\/\/www.europesays.com\/fr\/wp-json\/wp\/v2\/types\/post"}],"author":[{"embeddable":true,"href":"https:\/\/www.europesays.com\/fr\/wp-json\/wp\/v2\/users\/2"}],"replies":[{"embeddable":true,"href":"https:\/\/www.europesays.com\/fr\/wp-json\/wp\/v2\/comments?post=127363"}],"version-history":[{"count":0,"href":"https:\/\/www.europesays.com\/fr\/wp-json\/wp\/v2\/posts\/127363\/revisions"}],"wp:featuredmedia":[{"embeddable":true,"href":"https:\/\/www.europesays.com\/fr\/wp-json\/wp\/v2\/media\/127364"}],"wp:attachment":[{"href":"https:\/\/www.europesays.com\/fr\/wp-json\/wp\/v2\/media?parent=127363"}],"wp:term":[{"taxonomy":"category","embeddable":true,"href":"https:\/\/www.europesays.com\/fr\/wp-json\/wp\/v2\/categories?post=127363"},{"taxonomy":"post_tag","embeddable":true,"href":"https:\/\/www.europesays.com\/fr\/wp-json\/wp\/v2\/tags?post=127363"}],"curies":[{"name":"wp","href":"https:\/\/api.w.org\/{rel}","templated":true}]}}