{"id":127381,"date":"2025-05-25T16:57:08","date_gmt":"2025-05-25T16:57:08","guid":{"rendered":"https:\/\/www.europesays.com\/fr\/127381\/"},"modified":"2025-05-25T16:57:08","modified_gmt":"2025-05-25T16:57:08","slug":"il-aurait-voulu-proteger-une-amie","status":"publish","type":"post","link":"https:\/\/www.europesays.com\/fr\/127381\/","title":{"rendered":"il aurait voulu prot\u00e9ger une amie"},"content":{"rendered":"<p>L\u2019homme hospitalis\u00e9 samedi au petit matin apr\u00e8s avoir \u00e9t\u00e9 bless\u00e9 \u00e0 l\u2019arme blanche dans le secteur de l\u2019Esplanade, \u00e0 Grenoble, a, selon nos informations, pu \u00eatre entendu par les policiers en charge de l\u2019enqu\u00eate.<\/p>\n<p>Ce contenu est bloqu\u00e9 car vous n&rsquo;avez pas accept\u00e9 les cookies et autres traceurs.<\/p>\n<p>En cliquant sur \u00ab J\u2019accepte \u00bb, les cookies et autres traceurs seront d\u00e9pos\u00e9s et vous pourrez visualiser les contenus  (<a href=\"\" class=\"consentModule_policy\" target=\"_blank\" title=\"Consulter la politique de protection des donn\u00e9es du fournisseur\">plus d&rsquo;informations<\/a>).<\/p>\n<p>En cliquant sur \u00ab J\u2019accepte tous les cookies \u00bb, vous autorisez des d\u00e9p\u00f4ts de cookies et autres traceurs pour le stockage de vos donn\u00e9es sur nos sites et applications \u00e0 des fins de personnalisation et de ciblage publicitaire.<\/p>\n<p class=\"consentModule_secondaryText\">Vous gardez la possibilit\u00e9 de retirer votre consentement \u00e0 tout moment en consultant notre <a href=\"https:\/\/www.ledauphine.com\/protection-des-donnees\" target=\"_blank\" title=\"Consulter notre politique de protection des donn\u00e9es\" rel=\"nofollow noopener\">politique de protection des donn\u00e9es<\/a>. <br \/>&#13;<br \/>\n            <a href=\"https:\/\/www.ledauphine.com\/faits-divers-justice\/2025\/05\/25\/javascript:Didomi.notice.show()\" class=\"consentModule_cmp\" rel=\"nofollow noopener\" target=\"_blank\">G\u00e9rer mes choix<\/a>&#13;\n        <\/p>\n<p>&#13;<br \/>\n                        J&rsquo;accepte&#13;<br \/>\n            J&rsquo;accepte tous les cookies&#13;\n        <\/p>\n<p>Selon les premiers \u00e9l\u00e9ments de l\u2019enqu\u00eate, l\u2019homme de 21 ans sortait d\u2019une bo\u00eete de nuit avec des amies quand l\u2019une d\u2019elles, visiblement ivre, aurait \u00e9t\u00e9 abord\u00e9e par un groupe d\u2019hommes l\u2019ayant convaincue de monter \u00e0 bord de leur voiture. Vu l\u2019\u00e9tat d\u2019\u00e9bri\u00e9t\u00e9 de son amie, le jeune homme aurait tent\u00e9 d\u2019emp\u00eacher cela. Ce qui aurait fortement d\u00e9plu au groupe d\u2019hommes souhaitant faire monter la jeune femme dans leur voiture. Ces derniers \u2013 trois ou quatre selon les versions &#8211; s\u2019en seraient alors pris au jeune homme qui aurait re\u00e7u plusieurs coups port\u00e9s avec une arme blanche, \u00e0 un bras et \u00e0 une cuisse. Des blessures qui ont donc n\u00e9cessit\u00e9 sa prise en charge par les sapeurs-pompiers et son hospitalisation.<\/p>\n<p>Ce dimanche, les auteurs de ces violences \u00e9taient toujours recherch\u00e9s par les policiers du service local de police judiciaire en charge des investigations.<\/p>\n","protected":false},"excerpt":{"rendered":"L\u2019homme hospitalis\u00e9 samedi au petit matin apr\u00e8s avoir \u00e9t\u00e9 bless\u00e9 \u00e0 l\u2019arme blanche dans le secteur de l\u2019Esplanade,&hellip;\n","protected":false},"author":2,"featured_media":127382,"comment_status":"","ping_status":"","sticky":false,"template":"","format":"standard","meta":{"footnotes":""},"categories":[9566],"tags":[1111,11,2430,271,272,112,1777,674,274,1011,27,2731,2732,108,12,25],"class_list":{"0":"post-127381","1":"post","2":"type-post","3":"status-publish","4":"format-standard","5":"has-post-thumbnail","7":"category-grenoble","8":"tag-actu","9":"tag-actualites","10":"tag-auvergne-rhone-alpes","11":"tag-crime","12":"tag-delit-et-contravention","13":"tag-edition-grenoble-agglomeration","14":"tag-eu","15":"tag-europe","16":"tag-faits-divers-justice","17":"tag-fr","18":"tag-france","19":"tag-grenoble","20":"tag-grenoble-bassin","21":"tag-isere","22":"tag-news","23":"tag-republique-francaise"},"share_on_mastodon":{"url":"https:\/\/pubeurope.com\/@fr\/114569533356471626","error":""},"_links":{"self":[{"href":"https:\/\/www.europesays.com\/fr\/wp-json\/wp\/v2\/posts\/127381","targetHints":{"allow":["GET"]}}],"collection":[{"href":"https:\/\/www.europesays.com\/fr\/wp-json\/wp\/v2\/posts"}],"about":[{"href":"https:\/\/www.europesays.com\/fr\/wp-json\/wp\/v2\/types\/post"}],"author":[{"embeddable":true,"href":"https:\/\/www.europesays.com\/fr\/wp-json\/wp\/v2\/users\/2"}],"replies":[{"embeddable":true,"href":"https:\/\/www.europesays.com\/fr\/wp-json\/wp\/v2\/comments?post=127381"}],"version-history":[{"count":0,"href":"https:\/\/www.europesays.com\/fr\/wp-json\/wp\/v2\/posts\/127381\/revisions"}],"wp:featuredmedia":[{"embeddable":true,"href":"https:\/\/www.europesays.com\/fr\/wp-json\/wp\/v2\/media\/127382"}],"wp:attachment":[{"href":"https:\/\/www.europesays.com\/fr\/wp-json\/wp\/v2\/media?parent=127381"}],"wp:term":[{"taxonomy":"category","embeddable":true,"href":"https:\/\/www.europesays.com\/fr\/wp-json\/wp\/v2\/categories?post=127381"},{"taxonomy":"post_tag","embeddable":true,"href":"https:\/\/www.europesays.com\/fr\/wp-json\/wp\/v2\/tags?post=127381"}],"curies":[{"name":"wp","href":"https:\/\/api.w.org\/{rel}","templated":true}]}}