{"id":127386,"date":"2025-05-25T17:02:15","date_gmt":"2025-05-25T17:02:15","guid":{"rendered":"https:\/\/www.europesays.com\/fr\/127386\/"},"modified":"2025-05-25T17:02:15","modified_gmt":"2025-05-25T17:02:15","slug":"strasbourg-justice-inaccessible-ou-trop-chere-des-pros-du-droit-reunis-pour-casser-les-stereotypes","status":"publish","type":"post","link":"https:\/\/www.europesays.com\/fr\/127386\/","title":{"rendered":"Strasbourg. Justice inaccessible ou trop ch\u00e8re ? Des pros du droit r\u00e9unis pour casser les st\u00e9r\u00e9otypes"},"content":{"rendered":"<p>Les justiciables sont nombreux dans la salle des pas perdus du tribunal judiciaire de Strasbourg, ce vendredi matin. Des juristes, des avocats, des douaniers, des huissiers, du personnel du service p\u00e9nitentiaire d\u2019insertion et de probation, des policiers et gendarmes ont r\u00e9pondu \u00e0 leurs questions \u00e0 l\u2019occasion de la journ\u00e9e nationale de l\u2019acc\u00e8s au droit, tenu par le Conseil de l\u2019acc\u00e8s au droit du Bas-Rhin (CDAD 67).<\/p>\n<p>Charlotte, 33 ans, vit une s\u00e9paration et cherche des informations sur la garde d\u2019enfants et la pension alimentaire. Derri\u00e8re elle, Saloua, 46 ans, divorc\u00e9e depuis 2021, vit une guerre avec son ex-conjoint\u00a0: \u00ab\u00a0J\u2019ai d\u00e9clench\u00e9 quatre fois mon t\u00e9l\u00e9phone anti rapprochement. Il ne supporte pas que je ne me laisse pas faire. J\u2019attends qu\u2019on me donne des pistes\u00a0\u00bb, raconte-t-elle \u00e0 une b\u00e9n\u00e9vole de SOS France Victimes 67.<\/p>\n<p>  Des \u00e9tudiants en rep\u00e9rage<\/p>\n<p>\u00ab\u00a0Le but, c\u2019est de rendre la justice accessible, que les gens n\u2019imaginent pas que c\u2019est une tour d\u2019ivoire\u00a0\u00bb, clame <a href=\"https:\/\/www.dna.fr\/faits-divers-justice\/2025\/02\/07\/clarisse-taron-nouvelle-procureure-de-la-republique-de-strasbourg\" target=\"_blank\" rel=\"nofollow noopener\">Clarisse Taron, la procureure de la R\u00e9publique de Strasbourg<\/a>. \u00c0 ses c\u00f4t\u00e9s, Caroline Zengerle, directrice adjointe p\u00e9nitentiaire d\u2019insertion et de probation. \u00ab\u00a0Ces moments de rencontre sont indispensables. On explique ce qu\u2019on fait et puis on enrichit nos partenariats. On met des visages sur des adresses mail\u00a0\u00bb ajoute-t-elle.<\/p>\n<p>Certains \u00e9tudiants viennent pour du rep\u00e9rage et \u00e9changer avec les professionnels\u00a0: \u00ab\u00a0Je suis \u00e9tudiant en 2e\u00a0 ann\u00e9e de droit et j\u2019h\u00e9site encore entre avocat ou huissier de justice. Cette proximit\u00e9 est pr\u00e9cieuse\u00a0!\u00a0\u00bb<\/p>\n","protected":false},"excerpt":{"rendered":"Les justiciables sont nombreux dans la salle des pas perdus du tribunal judiciaire de Strasbourg, ce vendredi matin.&hellip;\n","protected":false},"author":2,"featured_media":127387,"comment_status":"","ping_status":"","sticky":false,"template":"","format":"standard","meta":{"footnotes":""},"categories":[2820],"tags":[1111,11,2880,1777,674,274,107,1011,27,775,12,25,640,2879],"class_list":{"0":"post-127386","1":"post","2":"type-post","3":"status-publish","4":"format-standard","5":"has-post-thumbnail","7":"category-strasbourg","8":"tag-actu","9":"tag-actualites","10":"tag-edition-strasbourg","11":"tag-eu","12":"tag-europe","13":"tag-faits-divers-justice","14":"tag-fil-info","15":"tag-fr","16":"tag-france","17":"tag-grand-est","18":"tag-news","19":"tag-republique-francaise","20":"tag-strasbourg","21":"tag-strasbourg-ville"},"share_on_mastodon":{"url":"https:\/\/pubeurope.com\/@fr\/114569553172270128","error":""},"_links":{"self":[{"href":"https:\/\/www.europesays.com\/fr\/wp-json\/wp\/v2\/posts\/127386","targetHints":{"allow":["GET"]}}],"collection":[{"href":"https:\/\/www.europesays.com\/fr\/wp-json\/wp\/v2\/posts"}],"about":[{"href":"https:\/\/www.europesays.com\/fr\/wp-json\/wp\/v2\/types\/post"}],"author":[{"embeddable":true,"href":"https:\/\/www.europesays.com\/fr\/wp-json\/wp\/v2\/users\/2"}],"replies":[{"embeddable":true,"href":"https:\/\/www.europesays.com\/fr\/wp-json\/wp\/v2\/comments?post=127386"}],"version-history":[{"count":0,"href":"https:\/\/www.europesays.com\/fr\/wp-json\/wp\/v2\/posts\/127386\/revisions"}],"wp:featuredmedia":[{"embeddable":true,"href":"https:\/\/www.europesays.com\/fr\/wp-json\/wp\/v2\/media\/127387"}],"wp:attachment":[{"href":"https:\/\/www.europesays.com\/fr\/wp-json\/wp\/v2\/media?parent=127386"}],"wp:term":[{"taxonomy":"category","embeddable":true,"href":"https:\/\/www.europesays.com\/fr\/wp-json\/wp\/v2\/categories?post=127386"},{"taxonomy":"post_tag","embeddable":true,"href":"https:\/\/www.europesays.com\/fr\/wp-json\/wp\/v2\/tags?post=127386"}],"curies":[{"name":"wp","href":"https:\/\/api.w.org\/{rel}","templated":true}]}}