{"id":127392,"date":"2025-05-25T17:06:13","date_gmt":"2025-05-25T17:06:13","guid":{"rendered":"https:\/\/www.europesays.com\/fr\/127392\/"},"modified":"2025-05-25T17:06:13","modified_gmt":"2025-05-25T17:06:13","slug":"mercato-le-sale-coup-de-nantes-a-lol","status":"publish","type":"post","link":"https:\/\/www.europesays.com\/fr\/127392\/","title":{"rendered":"Mercato, le sale coup de Nantes \u00e0 l&rsquo;OL"},"content":{"rendered":"<p data-testid=\"article-teaser\">Le FC Nantes va perdre de l\u2019argent \u00e0 l\u2019OL qui a besoin de liquidit\u00e9s lors du mercato estival.<\/p>\n<p>Alors que l\u2019Olympique Lyonnais s\u2019appr\u00eate \u00e0 jouer l\u2019un de ses matchs les plus cruciaux en coulisses face \u00e0 la DNCG, une autre mauvaise nouvelle vient assombrir l\u2019horizon rhodanien. En pleine reconstruction sportive et financi\u00e8re, le club pr\u00e9sid\u00e9 par John Textor se voit d\u00e9j\u00e0 contraint d\u2019encaisser une perte inattendue. Un joueur parti en pr\u00eat s\u2019appr\u00eate \u00e0 d\u00e9finitivement plier bagage\u2026 dans des conditions loin d\u2019\u00eatre id\u00e9ales pour l\u2019OL.<\/p>\n<p>L&rsquo;article continue ci-dessous<\/p>\n","protected":false},"excerpt":{"rendered":"Le FC Nantes va perdre de l\u2019argent \u00e0 l\u2019OL qui a besoin de liquidit\u00e9s lors du mercato estival.&hellip;\n","protected":false},"author":2,"featured_media":127393,"comment_status":"","ping_status":"","sticky":false,"template":"","format":"standard","meta":{"footnotes":""},"categories":[2818],"tags":[1111,11,1777,674,1011,27,25092,66,2428,1434,766,12,2636,25],"class_list":{"0":"post-127392","1":"post","2":"type-post","3":"status-publish","4":"format-standard","5":"has-post-thumbnail","7":"category-nantes","8":"tag-actu","9":"tag-actualites","10":"tag-eu","11":"tag-europe","12":"tag-fr","13":"tag-france","14":"tag-j-lepenant","15":"tag-ligue-1","16":"tag-lyon","17":"tag-mercato","18":"tag-nantes","19":"tag-news","20":"tag-pays-de-la-loire","21":"tag-republique-francaise"},"share_on_mastodon":{"url":"https:\/\/pubeurope.com\/@fr\/114569568809730875","error":""},"_links":{"self":[{"href":"https:\/\/www.europesays.com\/fr\/wp-json\/wp\/v2\/posts\/127392","targetHints":{"allow":["GET"]}}],"collection":[{"href":"https:\/\/www.europesays.com\/fr\/wp-json\/wp\/v2\/posts"}],"about":[{"href":"https:\/\/www.europesays.com\/fr\/wp-json\/wp\/v2\/types\/post"}],"author":[{"embeddable":true,"href":"https:\/\/www.europesays.com\/fr\/wp-json\/wp\/v2\/users\/2"}],"replies":[{"embeddable":true,"href":"https:\/\/www.europesays.com\/fr\/wp-json\/wp\/v2\/comments?post=127392"}],"version-history":[{"count":0,"href":"https:\/\/www.europesays.com\/fr\/wp-json\/wp\/v2\/posts\/127392\/revisions"}],"wp:featuredmedia":[{"embeddable":true,"href":"https:\/\/www.europesays.com\/fr\/wp-json\/wp\/v2\/media\/127393"}],"wp:attachment":[{"href":"https:\/\/www.europesays.com\/fr\/wp-json\/wp\/v2\/media?parent=127392"}],"wp:term":[{"taxonomy":"category","embeddable":true,"href":"https:\/\/www.europesays.com\/fr\/wp-json\/wp\/v2\/categories?post=127392"},{"taxonomy":"post_tag","embeddable":true,"href":"https:\/\/www.europesays.com\/fr\/wp-json\/wp\/v2\/tags?post=127392"}],"curies":[{"name":"wp","href":"https:\/\/api.w.org\/{rel}","templated":true}]}}