{"id":1274,"date":"2025-04-02T23:53:09","date_gmt":"2025-04-02T23:53:09","guid":{"rendered":"https:\/\/www.europesays.com\/fr\/1274\/"},"modified":"2025-04-02T23:53:09","modified_gmt":"2025-04-02T23:53:09","slug":"om-combien-cela-pourrait-couter-a-lac-milan-de-debaucher-de-zerbi","status":"publish","type":"post","link":"https:\/\/www.europesays.com\/fr\/1274\/","title":{"rendered":"OM. Combien cela pourrait co\u00fbter \u00e0 l&rsquo;AC Milan de d\u00e9baucher De Zerbi ?"},"content":{"rendered":"<p><img fetchpriority=\"high\" decoding=\"async\" width=\"620\" height=\"413\" src=\"https:\/\/www.europesays.com\/fr\/wp-content\/uploads\/2025\/04\/Roberto-de-Zerbi-football-Sassuolo-620x413.jpg\" alt=\"OM : Combien cela pourrait co\u00fbter \u00e0 l'AC Milan de d\u00e9baucher De Zerbi ?\" class=\"wp-image-258483\"  \/>Roberto De Zerbi est unn coach sollicit\u00e9.<\/p>\n<p>Une saison et puis s\u2019en va d\u00e9j\u00e0 de l\u2019<a href=\"https:\/\/sportune.20minutes.fr\/olympique-de-marseille-om\" target=\"_blank\" rel=\"noopener\">Olympique de Marseille<\/a>, Roberto De Zerbi ? La presse italienne sp\u00e9cule \u00e0 ce sujet. Ce mercredi, la <a href=\"https:\/\/www.gazzetta.it\/Calcio\/Serie-A\/Milan\/02-04-2025\/milan-ora-in-pole-c-e-de-zerbi-la-strategia.shtml\" target=\"_blank\" rel=\"noopener\">Gazzetta dello Sport<\/a> s\u2019int\u00e9resse \u00e0 l\u2019avenir de l\u2019<a href=\"https:\/\/sportune.20minutes.fr\/ac-milan\" target=\"_blank\" rel=\"noopener\">AC Milan<\/a>, qui traverse un exercice sportif compliqu\u00e9. Apr\u00e8s avoir remerci\u00e9 en cours de route Paulo Fonseca, Sergio Concei\u00e7ao qui le remplace, pourrait ne pas aller au-del\u00e0 de cette saison en cours.<\/p>\n<p>L\u2019AC Milan voudrait De Zerbi. Mais\u2026<\/p>\n<p>Et en ce cas, \u00e9voque le quotidien sportif transalpin, Roberto De Zerbi ferait partie de la liste des techniciens vis\u00e9s. D\u2019un int\u00e9r\u00eat manifest\u00e9 \u00e0 la r\u00e9alit\u00e9 d\u2019une embauche, il y a dans le cas de l\u2019actuel coach de l\u2019<a href=\"https:\/\/sportune.20minutes.fr\/olympique-de-marseille-om\" target=\"_blank\" rel=\"noopener\">OM<\/a> un obstacle de taille : le contrat qui le lie au club phoc\u00e9en. Roberto De Zerbi s\u2019est en effet engag\u00e9 l\u2019\u00e9t\u00e9 dernier sur un bail de deux ans, qui doit prendre fin au 30 juin 2027.<\/p>\n<p>Un an de contrat \u00e0 compenser \u00e0 l\u2019OM<\/p>\n<p>Sauf \u00e0 ce que les clubs s\u2019entendent, sinon l\u2019<a href=\"https:\/\/sportune.20minutes.fr\/olympique-de-marseille-om\" target=\"_blank\" rel=\"noopener\">Olympique de Marseille<\/a> sera en droit de r\u00e9clamer une indemnit\u00e9 pour la cession du contrat de son entra\u00eeneur. Dans la mesure o\u00f9 <a href=\"https:\/\/sportune.20minutes.fr\/les-salaires-des-entraineurs-de-la-ligue-1-cette-saison-2024-25-360846\" target=\"_blank\" rel=\"noopener\">RDZ avoisine un salaire brut mensuels de 550 000 euros<\/a>, selon les r\u00e9centes r\u00e9v\u00e9lations de L\u2019Equipe \u00e0 ce sujet, c\u2019est autant rapport\u00e9 sur le nombre de mois restants que l\u2019<a href=\"https:\/\/sportune.20minutes.fr\/olympique-de-marseille-om\" target=\"_blank\" rel=\"noopener\">OM<\/a> pourrait attendre. C\u2019est-\u00e0-dire douze mois \u00e0 plus du demi-million d\u2019euros chacun qui valent 6,6 millions d\u2019euros \u00e0 compenser, par l\u2019<a href=\"https:\/\/sportune.20minutes.fr\/ac-milan\" target=\"_blank\" rel=\"noopener\">AC Milan<\/a>.<\/p>\n","protected":false},"excerpt":{"rendered":"Roberto De Zerbi est unn coach sollicit\u00e9. Une saison et puis s\u2019en va d\u00e9j\u00e0 de l\u2019Olympique de Marseille,&hellip;\n","protected":false},"author":2,"featured_media":1275,"comment_status":"","ping_status":"","sticky":false,"template":"","format":"standard","meta":{"footnotes":""},"categories":[9],"tags":[27,967,149,968,60,969],"class_list":{"0":"post-1274","1":"post","2":"type-post","3":"status-publish","4":"format-standard","5":"has-post-thumbnail","7":"category-sports","8":"tag-france","9":"tag-milan-ac","10":"tag-om","11":"tag-roberto-de-zerbi","12":"tag-sports","13":"tag-transfert"},"share_on_mastodon":{"url":"https:\/\/pubeurope.com\/@fr\/114271066792088492","error":""},"_links":{"self":[{"href":"https:\/\/www.europesays.com\/fr\/wp-json\/wp\/v2\/posts\/1274","targetHints":{"allow":["GET"]}}],"collection":[{"href":"https:\/\/www.europesays.com\/fr\/wp-json\/wp\/v2\/posts"}],"about":[{"href":"https:\/\/www.europesays.com\/fr\/wp-json\/wp\/v2\/types\/post"}],"author":[{"embeddable":true,"href":"https:\/\/www.europesays.com\/fr\/wp-json\/wp\/v2\/users\/2"}],"replies":[{"embeddable":true,"href":"https:\/\/www.europesays.com\/fr\/wp-json\/wp\/v2\/comments?post=1274"}],"version-history":[{"count":0,"href":"https:\/\/www.europesays.com\/fr\/wp-json\/wp\/v2\/posts\/1274\/revisions"}],"wp:featuredmedia":[{"embeddable":true,"href":"https:\/\/www.europesays.com\/fr\/wp-json\/wp\/v2\/media\/1275"}],"wp:attachment":[{"href":"https:\/\/www.europesays.com\/fr\/wp-json\/wp\/v2\/media?parent=1274"}],"wp:term":[{"taxonomy":"category","embeddable":true,"href":"https:\/\/www.europesays.com\/fr\/wp-json\/wp\/v2\/categories?post=1274"},{"taxonomy":"post_tag","embeddable":true,"href":"https:\/\/www.europesays.com\/fr\/wp-json\/wp\/v2\/tags?post=1274"}],"curies":[{"name":"wp","href":"https:\/\/api.w.org\/{rel}","templated":true}]}}