{"id":127402,"date":"2025-05-25T17:11:10","date_gmt":"2025-05-25T17:11:10","guid":{"rendered":"https:\/\/www.europesays.com\/fr\/127402\/"},"modified":"2025-05-25T17:11:10","modified_gmt":"2025-05-25T17:11:10","slug":"un-pere-devant-le-tribunal-pour-des-violences-sur-son-fils","status":"publish","type":"post","link":"https:\/\/www.europesays.com\/fr\/127402\/","title":{"rendered":"un p\u00e8re devant le tribunal pour des violences sur son fils"},"content":{"rendered":"<p>            Par<br \/>\n        <strong><br \/>\n            <a href=\"https:\/\/actu.fr\/auteur\/margot-nicodeme\" title=\"Consulter tous les articles de Margot Nicod\u00e8me\" rel=\"nofollow noopener\" target=\"_blank\">Margot Nicod\u00e8me<\/a><br \/>\n        <\/strong><\/p>\n<p>        Publi\u00e9 le<\/p>\n<p>            25 mai 2025 \u00e0 18h38        <\/p>\n<p>\u00ab\u00a0Il a son petit caract\u00e8re\u2026\u00a0\u00bb C\u2019est l\u2019une des lignes de d\u00e9fense du p\u00e8re de famille, originaire de <a href=\"https:\/\/actu.fr\/hauts-de-france\/roubaix_59512\" rel=\"nofollow noopener\" target=\"_blank\">Roubaix<\/a> (Nord) : si<b> la situation entre son fils de 12 ans et lui a d\u00e9g\u00e9n\u00e9r\u00e9<\/b>, la nuit du 18 avril 2025, c\u2019est parce que l\u2019enfant a du temp\u00e9rament. Et il le glisse \u00e0 demi-mot, quand m\u00eame : <b>\u00ab\u00a0J\u2019\u00e9tais \u00e9nerv\u00e9 contre la t\u00e9l\u00e9.\u00a0\u00bb<\/b> L\u2019homme de 40 ans, poursuivi pour <b><a href=\"https:\/\/actu.fr\/hauts-de-france\/lille_59350\/lomme-enfant-sequestre-et-roue-de-coups-dans-une-cave-ses-six-agresseurs-mineurs-bientot-juges_62340778.html\" rel=\"nofollow noopener\" target=\"_blank\">violences sur un enfant<\/a> \u00e2g\u00e9 de moins de 15 ans<\/b>, ne sera pas jug\u00e9 le 21 mai au <a href=\"https:\/\/actu.fr\/hauts-de-france\/provin_59477\/nord-une-cycliste-tuee-par-une-automobiliste-elle-dit-avoir-succombe-a-un-malaise-au-volant_62666602.html\" rel=\"nofollow noopener\" target=\"_blank\">tribunal de Lille<\/a>, comme pr\u00e9vu. Il a demand\u00e9 un report de l\u2019audience. Mais les faits qui lui sont reproch\u00e9s sont amplement relat\u00e9s ce jour-l\u00e0. L\u2019enfant de 12 ans a fini dans la rue cette nuit d\u2019avril, \u00e0 3h, pour appeler et attendre la police \u00e0 un abribus. C\u2019est la troisi\u00e8me fois, en 7 ans, que le pr\u00e9venu compara\u00eet pour des violences sur le gar\u00e7onnet.<\/p>\n<p>Il crie sur la t\u00e9l\u00e9 au milieu de la nuit, son fils lui demande d\u2019arr\u00eater parce qu\u2019il veut dormir<\/p>\n<p class=\" wall-content\">Devant le tribunal, le p\u00e8re de famille est abasourdi. Il est sorti il y a peu de garde \u00e0 vue et passe en comparution imm\u00e9diate, alors que les violences qu\u2019il aurait commises sur son fils remontent \u00e0 plus d\u2019un mois. L\u2019enfant a fait le r\u00e9cit d\u2019une nuit infernale : le 18 avril 2025, <b>du haut de ses 12 ans, il est contraint de quitter le domicile familial<\/b> \u00e0 Roubaix pour aller chercher de l\u2019aide. Il joint police secours depuis la rue, et se r\u00e9fugie sous un abribus en attendant les fonctionnaires.\u00a0<\/p>\n<p class=\" wall-content\">Son p\u00e8re aurait tent\u00e9 de l\u2019\u00e9trangler, l\u2019aurait mordu \u00e0 la t\u00eate, tout en lui d\u00e9chirant le T-shirt. Une sc\u00e8ne d\u2019une agressivit\u00e9 inqualifiable, sur fond d\u2019alcool. En effet, le pr\u00e9venu se serait enivr\u00e9 avant de s\u2019emporter devant la t\u00e9l\u00e9vision, au beau milieu de la nuit. \u00ab\u00a0Vous criiez sur la t\u00e9l\u00e9, et <b>votre fils est venu vous dire d\u2019arr\u00eater, parce qu\u2019il voulait dormir<\/b>\u00ab\u00a0, resitue la pr\u00e9sidente du tribunal.\u00a0<\/p>\n<p class=\" wall-content\">Sur l\u2019altercation, le p\u00e8re avance que c\u2019est son fils qui l\u2019a pouss\u00e9 le premier. Le quadrag\u00e9naire a pourtant d\u00e9j\u00e0 <b>\u00e9t\u00e9 condamn\u00e9 \u00e0 deux reprises en 2018 et 2021<\/b> \u2013 ce dernier jugement lui ayant valu un s\u00e9jour en prison pendant 6 mois \u2013 pour des violences sur ce m\u00eame enfant. \u00ab\u00a0C\u2019est la troisi\u00e8me fois que vous comparaissez devant une juridiction pour les m\u00eames faits, le confronte la pr\u00e9sidente. Vous avez un probl\u00e8me avec l\u2019alcool ?\u00a0\u00bb Le pr\u00e9venu nie d\u2019abord une quelconque addiction, avant de se laisser aller \u00e0 des confidences.\u00a0<\/p>\n<p>\u00ab\u00a0Je bois peut-\u00eatre une fois par mois\u2026 ou une fois tous les trois mois\u2026\u00a0\u00bb<\/p>\n<p class=\" wall-content\">\u00ab\u00a0Je suis sous traitement, je ne bois plus.\u00a0\u00bb Face \u00e0 l\u2019\u00e9vidence, \u00e0 savoir qu\u2019il \u00e9tait bien sous l\u2019empire de l\u2019alcool le soir o\u00f9 la police est intervenue en avril, il reprend : \u00ab\u00a0Je bois peut-\u00eatre une fois par mois\u2026 ou une fois tous les trois mois\u2026 C\u2019\u00e9tait exceptionnel, ce soir-l\u00e0.\u00a0\u00bb Il reconna\u00eet en tout cas s\u2019\u00eatre \u00ab\u00a0\u00e9nerv\u00e9 contre la t\u00e9l\u00e9\u00a0\u00bb.\u00a0<\/p>\n<p class=\" wall-content\">Pour recontextualiser, il est rappel\u00e9 que l\u2019homme s\u2019est vu retirer son autorit\u00e9 parentale suite aux premi\u00e8res condamnations. Gard\u00e9 par sa maman, dont le pr\u00e9venu est s\u00e9par\u00e9, c\u2019est son fils qui \u00ab\u00a0a souhait\u00e9 reprendre contact avec son p\u00e8re\u00a0\u00bb. Il s\u00e9journe chez lui quand il veut, comme cette nuit du 18 avril.\u00a0<\/p>\n<p class=\" wall-content\">La procureure, en attendant la nouvelle audience, souhaite que le pr\u00e9venu ait interdiction de voir son fils. \u00ab\u00a0<b>Je demande une mesure de s\u00fbret\u00e9 bien entendu : un placement sous contr\u00f4le judiciaire<\/b>.\u00a0\u00bb Elle requiert \u00e9galement une obligation de soins pour son addiction \u00e0 l\u2019alcool et des soins psychologiques, pour que le p\u00e8re de famille \u00ab\u00a0discute de son rapport \u00e0 la violence\u00a0\u00bb.\u00a0<\/p>\n<p class=\" wall-content\">Il sera jug\u00e9 le 10 septembre 2025.<\/p>\n<p class=\" wall-content\">Suivez toute l\u2019actualit\u00e9 de vos villes et m\u00e9dias favoris en vous inscrivant \u00e0 <a href=\"https:\/\/moncompte.actu.fr\" title=\"D\u00e9couvez Mon Actu\" rel=\"nofollow noopener\" data-trk=\"{&quot;cta&quot;:{&quot;action&quot;:&quot;https:\\\/\\\/moncompte.actu.fr&quot;,&quot;category&quot;:&quot;mon compte&quot;,&quot;from&quot;:&quot;article footer&quot;,&quot;name&quot;:&quot;Mon actu&quot;,&quot;type&quot;:&quot;cta&quot;}}\" target=\"_blank\">Mon Actu<\/a>.<\/p>\n","protected":false},"excerpt":{"rendered":"Par Margot Nicod\u00e8me Publi\u00e9 le 25 mai 2025 \u00e0 18h38 \u00ab\u00a0Il a son petit caract\u00e8re\u2026\u00a0\u00bb C\u2019est l\u2019une des&hellip;\n","protected":false},"author":2,"featured_media":127403,"comment_status":"","ping_status":"","sticky":false,"template":"","format":"standard","meta":{"footnotes":""},"categories":[2815],"tags":[1111,11,1777,674,118,652,1011,27,811,303,1307,12,1072,25],"class_list":{"0":"post-127402","1":"post","2":"type-post","3":"status-publish","4":"format-standard","5":"has-post-thumbnail","7":"category-lille","8":"tag-actu","9":"tag-actualites","10":"tag-eu","11":"tag-europe","12":"tag-faits-divers","13":"tag-famille","14":"tag-fr","15":"tag-france","16":"tag-hauts-de-france","17":"tag-justice","18":"tag-lille","19":"tag-news","20":"tag-police","21":"tag-republique-francaise"},"share_on_mastodon":{"url":"https:\/\/pubeurope.com\/@fr\/114569588499703733","error":""},"_links":{"self":[{"href":"https:\/\/www.europesays.com\/fr\/wp-json\/wp\/v2\/posts\/127402","targetHints":{"allow":["GET"]}}],"collection":[{"href":"https:\/\/www.europesays.com\/fr\/wp-json\/wp\/v2\/posts"}],"about":[{"href":"https:\/\/www.europesays.com\/fr\/wp-json\/wp\/v2\/types\/post"}],"author":[{"embeddable":true,"href":"https:\/\/www.europesays.com\/fr\/wp-json\/wp\/v2\/users\/2"}],"replies":[{"embeddable":true,"href":"https:\/\/www.europesays.com\/fr\/wp-json\/wp\/v2\/comments?post=127402"}],"version-history":[{"count":0,"href":"https:\/\/www.europesays.com\/fr\/wp-json\/wp\/v2\/posts\/127402\/revisions"}],"wp:featuredmedia":[{"embeddable":true,"href":"https:\/\/www.europesays.com\/fr\/wp-json\/wp\/v2\/media\/127403"}],"wp:attachment":[{"href":"https:\/\/www.europesays.com\/fr\/wp-json\/wp\/v2\/media?parent=127402"}],"wp:term":[{"taxonomy":"category","embeddable":true,"href":"https:\/\/www.europesays.com\/fr\/wp-json\/wp\/v2\/categories?post=127402"},{"taxonomy":"post_tag","embeddable":true,"href":"https:\/\/www.europesays.com\/fr\/wp-json\/wp\/v2\/tags?post=127402"}],"curies":[{"name":"wp","href":"https:\/\/api.w.org\/{rel}","templated":true}]}}