{"id":127406,"date":"2025-05-25T17:13:10","date_gmt":"2025-05-25T17:13:10","guid":{"rendered":"https:\/\/www.europesays.com\/fr\/127406\/"},"modified":"2025-05-25T17:13:10","modified_gmt":"2025-05-25T17:13:10","slug":"de-barcelonnette-sisteron-la-cie-accrorap-presente-son-prelude","status":"publish","type":"post","link":"https:\/\/www.europesays.com\/fr\/127406\/","title":{"rendered":"de-Barcelonnette | Sisteron. La Cie Accrorap pr\u00e9sente son Pr\u00e9lude"},"content":{"rendered":"<p>Pour cette derni\u00e8re p\u00e9riode d\u2019\u00c9chapp\u00e9es propos\u00e9es par le Th\u00e9\u00e2tre Durance, place \u00e0 la danse avec la compagnie Accrorap. Le chor\u00e9graphe Kader Attou invite neuf danseurs hip-hop pour cette pi\u00e8ce \u201ctout terrain\u201d. Sur la musique \u00e9lectro-acoustique de Romain Dubois, crescendo rythmique et m\u00e9lodique, ils alternent mouvements lents ou tr\u00e8s rapides, fluides ou saccad\u00e9s. Explorant sans cesse de nouvelles combinaisons, ils r\u00e9v\u00e8lent toute la po\u00e9sie et la beaut\u00e9 du collectif.<\/p>\n<p class=\"note\">Lundi 26\u00a0mai \u00e0 19 heures, place de la mairie de Faucon- de-Barcelonnette et mardi 27\u00a0mai \u00e0 19 heures, place de la mairie de Sisteron. Gratuit. Le spectacle sera \u00e9galement jou\u00e9 \u00e0 Manosque (le 28), Digne-les-Bains (le 29) et Saint-Julien-du Verdon (le 30).<\/p>\n","protected":false},"excerpt":{"rendered":"Pour cette derni\u00e8re p\u00e9riode d\u2019\u00c9chapp\u00e9es propos\u00e9es par le Th\u00e9\u00e2tre Durance, place \u00e0 la danse avec la compagnie Accrorap.&hellip;\n","protected":false},"author":2,"featured_media":127407,"comment_status":"","ping_status":"","sticky":false,"template":"","format":"standard","meta":{"footnotes":""},"categories":[2814],"tags":[1111,11,1687,4521,1777,674,25093,1011,27,884,12,882,25,3140,10430],"class_list":{"0":"post-127406","1":"post","2":"type-post","3":"status-publish","4":"format-standard","5":"has-post-thumbnail","7":"category-marseille","8":"tag-actu","9":"tag-actualites","10":"tag-culture-loisirs","11":"tag-edition-hautes-alpes-alpes-de-haute-provence","12":"tag-eu","13":"tag-europe","14":"tag-faucon-de-barcelonnette","15":"tag-fr","16":"tag-france","17":"tag-marseille","18":"tag-news","19":"tag-provence-alpes-cote-dazur","20":"tag-republique-francaise","21":"tag-spectacle","22":"tag-ubaye-pays-de-seyne"},"share_on_mastodon":{"url":"https:\/\/pubeurope.com\/@fr\/114569596576791408","error":""},"_links":{"self":[{"href":"https:\/\/www.europesays.com\/fr\/wp-json\/wp\/v2\/posts\/127406","targetHints":{"allow":["GET"]}}],"collection":[{"href":"https:\/\/www.europesays.com\/fr\/wp-json\/wp\/v2\/posts"}],"about":[{"href":"https:\/\/www.europesays.com\/fr\/wp-json\/wp\/v2\/types\/post"}],"author":[{"embeddable":true,"href":"https:\/\/www.europesays.com\/fr\/wp-json\/wp\/v2\/users\/2"}],"replies":[{"embeddable":true,"href":"https:\/\/www.europesays.com\/fr\/wp-json\/wp\/v2\/comments?post=127406"}],"version-history":[{"count":0,"href":"https:\/\/www.europesays.com\/fr\/wp-json\/wp\/v2\/posts\/127406\/revisions"}],"wp:featuredmedia":[{"embeddable":true,"href":"https:\/\/www.europesays.com\/fr\/wp-json\/wp\/v2\/media\/127407"}],"wp:attachment":[{"href":"https:\/\/www.europesays.com\/fr\/wp-json\/wp\/v2\/media?parent=127406"}],"wp:term":[{"taxonomy":"category","embeddable":true,"href":"https:\/\/www.europesays.com\/fr\/wp-json\/wp\/v2\/categories?post=127406"},{"taxonomy":"post_tag","embeddable":true,"href":"https:\/\/www.europesays.com\/fr\/wp-json\/wp\/v2\/tags?post=127406"}],"curies":[{"name":"wp","href":"https:\/\/api.w.org\/{rel}","templated":true}]}}