{"id":127420,"date":"2025-05-25T17:22:08","date_gmt":"2025-05-25T17:22:08","guid":{"rendered":"https:\/\/www.europesays.com\/fr\/127420\/"},"modified":"2025-05-25T17:22:08","modified_gmt":"2025-05-25T17:22:08","slug":"anne-hidalgo-pourra-conserver-les-plaques-de-marbre-en-ecriture-inclusive-a-lhotel-de-ville","status":"publish","type":"post","link":"https:\/\/www.europesays.com\/fr\/127420\/","title":{"rendered":"Anne Hidalgo pourra conserver les plaques de marbre en \u00ab\u00a0\u00e9criture inclusive\u00a0\u00bb \u00e0 l&rsquo;H\u00f4tel de ville"},"content":{"rendered":"<p>            Par<br \/>\n        <strong><br \/>\n            <a href=\"https:\/\/actu.fr\/auteur\/redaction-paris\" title=\"Consulter tous les articles de R\u00e9daction Paris\" target=\"_blank\" rel=\"noopener\">R\u00e9daction Paris<\/a><br \/>\n        <\/strong><\/p>\n<p>        Publi\u00e9 le<\/p>\n<p>            25 mai 2025 \u00e0 19h06        <\/p>\n<p>Deux plaques comm\u00e9moratives en <a href=\"https:\/\/actu.fr\/politique\/ecriture-inclusive-ce-que-la-loi-debattue-au-senat-ce-lundi-veut-interdire_60271691.html\" target=\"_blank\" rel=\"noopener\">\u00e9criture inclusive<\/a>, install\u00e9es au sein de l\u2019<a href=\"https:\/\/actu.fr\/tag\/mairie-de-paris\" target=\"_blank\" rel=\"noopener\">H\u00f4tel de ville de Paris<\/a>\u00a0ne sont pas au go\u00fbt de tout le monde. Ces plaques en marbre portant les noms des anciens pr\u00e9sidents et pr\u00e9sidentes du Conseil de Paris et des anciens conseillers et conseill\u00e8res, dans le couloir menant \u00e0 l\u2019h\u00e9micycle, comportent en fait \u00ab\u00a0des intitul\u00e9s en forme abr\u00e9g\u00e9e faisant usage de points de ponctuation\u00a0\u00bb pour s\u00e9parer les termes \u00ab\u00a0pr\u00e9sident\u00a0\u00bb et \u00ab\u00a0conseiller\u00a0\u00bb de leur terminaison au f\u00e9minin. L\u2019association Francophonie Avenir (AFRAV) r\u00e9clamait leur retrait et avait saisi la <a href=\"https:\/\/actu.fr\/tag\/justice\" target=\"_blank\" rel=\"noopener\">justice<\/a> afin qu\u2019elle contraigne <a href=\"https:\/\/actu.fr\/tag\/anne-hidalgo\" target=\"_blank\" rel=\"noopener\">Anne Hidalgo<\/a> \u00e0 \u00ab\u00a0r\u00e9tablir\u00a0\u00bb les plaques \u00ab\u00a0dans un \u00e9tat ne faisant plus appara\u00eetre de termes en \u00e9criture dite inclusive\u00a0\u00bb et \u00ab\u00a0de ne plus utiliser \u00e0 l\u2019avenir (\u2026) l\u2019\u00e9criture dite \u00ab\u00a0inclusive\u00a0\u00bb\u00a0\u00bb.\u00a0<\/p>\n<p>L\u2019association de d\u00e9fense de la langue fran\u00e7aise ne convainc pas les juges<\/p>\n<p class=\" wall-content\">Pour cette association de d\u00e9fense de la langue fran\u00e7aise, cette d\u00e9cision \u00e9tait en effet contraire au \u00ab\u00a0principe constitutionnel de neutralit\u00e9\u00a0\u00bb du service public. Mais elle avait \u00e9t\u00e9 <a href=\"https:\/\/actu.fr\/ile-de-france\/paris_75056\/ecriture-inclusive-sur-une-plaque-commemorative-la-justice-donne-raison-a-la-ville-de-paris_58105088.html\" target=\"_blank\" rel=\"noopener\">d\u00e9bout\u00e9e en premi\u00e8re instance<\/a> par le tribunal administratif de Paris, dans un jugement en date du 14 mars 2023.<\/p>\n<p class=\" wall-content\">La cour administrative d\u2019appel de Paris a \u00e9galement rejet\u00e9 son recours apprend-on dans un arr\u00eat en date du 11 avril 2025 qui vient d\u2019\u00eatre rendu public.<\/p>\n<p class=\" wall-content\">\u00ab\u00a0Une telle pr\u00e9sentation, destin\u00e9e \u00e0 faire appara\u00eetre au moyen d\u2019un simple point, la forme d\u2019un mot au masculin comme au f\u00e9minin, en \u00e9vitant la r\u00e9p\u00e9tition de ce mot, ne saurait \u00eatre regard\u00e9e comme relevant de l\u2019usage d\u2019une autre langue que le fran\u00e7ais\u00a0\u00bb, confirment les juges.<\/p>\n<p class=\" wall-content\">\u00ab\u00a0La seule circonstance que l\u2019utilisation de graphies visant \u00e0 faire appara\u00eetre la forme f\u00e9minine de certains mots soit l\u2019objet de d\u00e9bats d\u2019ordre soci\u00e9tal ne saurait suffire \u00e0 lui conf\u00e9rer (\u2026) le caract\u00e8re d\u2019une prise de position politique\u00a0\u00bb, consid\u00e8rent-ils. \u00ab\u00a0L\u2019usage d\u2019une forme abr\u00e9g\u00e9e dans l\u2019intitul\u00e9 d\u2019un titre ou d\u2019une fonction visant \u00e0 faire appara\u00eetre sa forme f\u00e9minine, sans r\u00e9p\u00e9ter ce titre ou cette fonction \u2013 que ce soit au moyen de tirets, de parenth\u00e8ses ou de points \u2013 ne saurait, \u00e0 lui seul, \u00eatre regard\u00e9 comme une prise de position politique ou id\u00e9ologique.\u00a0\u00bb<\/p>\n<p>    <a href=\"https:\/\/email.publihebdos.com\/form?lid=Mqc7o19yVDtMEo2FE8aUtw2\" title=\"Ouvrie le lien\" target=\"_blank\" rel=\"noopener\">Cliquez ici pour visualiser le contenu<\/a><\/p>\n<p class=\" wall-content\">\u00ab\u00a0Francophonie Avenir\u00a0\u00bb a donc \u00e9t\u00e9 d\u00e9bout\u00e9e et devra dans ces conditions verser 1 500 euros \u00e0 la ville de Paris pour ses frais de justice. Elle a jusqu\u2019au 11 juin 2025 pour saisir le <a href=\"https:\/\/actu.fr\/tag\/conseil-d-etat\" target=\"_blank\" rel=\"noopener\">Conseil d\u2019Etat<\/a>, la plus haute juridiction administrative fran\u00e7aise.<\/p>\n<p class=\" wall-content\"><strong>MJ-PressPepper<\/strong><\/p>\n<p class=\" wall-content\">Suivez toute l\u2019actualit\u00e9 de vos villes et m\u00e9dias favoris en vous inscrivant \u00e0 <a href=\"https:\/\/moncompte.actu.fr\" title=\"D\u00e9couvez Mon Actu\" rel=\"nofollow noopener\" data-trk=\"{&quot;cta&quot;:{&quot;action&quot;:&quot;https:\\\/\\\/moncompte.actu.fr&quot;,&quot;category&quot;:&quot;mon compte&quot;,&quot;from&quot;:&quot;article footer&quot;,&quot;name&quot;:&quot;Mon actu&quot;,&quot;type&quot;:&quot;cta&quot;}}\" target=\"_blank\">Mon Actu<\/a>.<\/p>\n","protected":false},"excerpt":{"rendered":"Par R\u00e9daction Paris Publi\u00e9 le 25 mai 2025 \u00e0 19h06 Deux plaques comm\u00e9moratives en \u00e9criture inclusive, install\u00e9es au&hellip;\n","protected":false},"author":2,"featured_media":127421,"comment_status":"","ping_status":"","sticky":false,"template":"","format":"standard","meta":{"footnotes":""},"categories":[1888],"tags":[11,2618,1777,674,1011,27,2381,12,626,25,104,22321],"class_list":{"0":"post-127420","1":"post","2":"type-post","3":"status-publish","4":"format-standard","5":"has-post-thumbnail","7":"category-paris","8":"tag-actualites","9":"tag-anne-hidalgo","10":"tag-eu","11":"tag-europe","12":"tag-fr","13":"tag-france","14":"tag-mairie-de-paris","15":"tag-news","16":"tag-paris","17":"tag-republique-francaise","18":"tag-societe","19":"tag-tribunal-administratif-de-paris"},"share_on_mastodon":{"url":"","error":""},"_links":{"self":[{"href":"https:\/\/www.europesays.com\/fr\/wp-json\/wp\/v2\/posts\/127420","targetHints":{"allow":["GET"]}}],"collection":[{"href":"https:\/\/www.europesays.com\/fr\/wp-json\/wp\/v2\/posts"}],"about":[{"href":"https:\/\/www.europesays.com\/fr\/wp-json\/wp\/v2\/types\/post"}],"author":[{"embeddable":true,"href":"https:\/\/www.europesays.com\/fr\/wp-json\/wp\/v2\/users\/2"}],"replies":[{"embeddable":true,"href":"https:\/\/www.europesays.com\/fr\/wp-json\/wp\/v2\/comments?post=127420"}],"version-history":[{"count":0,"href":"https:\/\/www.europesays.com\/fr\/wp-json\/wp\/v2\/posts\/127420\/revisions"}],"wp:featuredmedia":[{"embeddable":true,"href":"https:\/\/www.europesays.com\/fr\/wp-json\/wp\/v2\/media\/127421"}],"wp:attachment":[{"href":"https:\/\/www.europesays.com\/fr\/wp-json\/wp\/v2\/media?parent=127420"}],"wp:term":[{"taxonomy":"category","embeddable":true,"href":"https:\/\/www.europesays.com\/fr\/wp-json\/wp\/v2\/categories?post=127420"},{"taxonomy":"post_tag","embeddable":true,"href":"https:\/\/www.europesays.com\/fr\/wp-json\/wp\/v2\/tags?post=127420"}],"curies":[{"name":"wp","href":"https:\/\/api.w.org\/{rel}","templated":true}]}}