{"id":127426,"date":"2025-05-25T17:25:10","date_gmt":"2025-05-25T17:25:10","guid":{"rendered":"https:\/\/www.europesays.com\/fr\/127426\/"},"modified":"2025-05-25T17:25:10","modified_gmt":"2025-05-25T17:25:10","slug":"lambassadeur-aux-etats-unis-convoque-a-jerusalem-apres-des-propos-polemiques","status":"publish","type":"post","link":"https:\/\/www.europesays.com\/fr\/127426\/","title":{"rendered":"l&rsquo;ambassadeur aux \u00c9tats-Unis convoqu\u00e9 \u00e0 J\u00e9rusalem apr\u00e8s des propos pol\u00e9miques"},"content":{"rendered":"<p class=\"fig-paragraph\">L&rsquo;ambassadeur d&rsquo;<a href=\"http:\/\/www.lefigaro.fr\/international\/en-israel-benyamin-netanyahou-durcit-son-offensive-contre-la-justice-20250525\" data-fig-type=\"Article\" data-gtm-custom-categorie=\"navigation\" data-gtm-custom-action=\"crossclick\" data-gtm-custom-label=\"Contextuel\" data-gtm-event=\"customEventSPE\" data-fig-domain=\"LEFIGARO\" target=\"_blank\" rel=\"noopener\">Isra\u00ebl<\/a>\u00a0aux \u00c9tats-Unis, Yechiel Leiter, a \u00e9t\u00e9 convoqu\u00e9 par le minist\u00e8re isra\u00e9lien des Affaires \u00e9trang\u00e8res \u00e0 la suite de propos tenus dans une interview r\u00e9cente, a indiqu\u00e9 ce dimanche le minist\u00e8re.<\/p>\n<p class=\"fig-paragraph\">Cette d\u00e9cision fait suite \u00e0 un entretien accord\u00e9 \u00e0 PragerU, un m\u00e9dia conservateur am\u00e9ricain, dans laquelle Yechiel Leiter a accus\u00e9 les opposants au premier ministre\u00a0<a href=\"http:\/\/www.lefigaro.fr\/international\/gaza-liban-syrie-les-guerres-incertaines-de-benyamin-netanyahou-au-moyen-orient-20250507\" data-fig-type=\"Article\" data-gtm-custom-categorie=\"navigation\" data-gtm-custom-action=\"crossclick\" data-gtm-custom-label=\"Contextuel\" data-gtm-event=\"customEventSPE\" data-fig-domain=\"LEFIGARO\" target=\"_blank\" rel=\"noopener\">Benyamin Netanyahou<\/a>\u00a0de propager des accusations comparables \u00e0 un \u00abcrime rituel\u00bb \u00e0 l&rsquo;encontre de ce dernier. \u00abLe directeur g\u00e9n\u00e9ral du minist\u00e8re des Affaires \u00e9trang\u00e8res, Eden Bar-Tal, convoquera l&rsquo;ambassadeur \u00e0 Washington, Dr Yechiel Leiter, pour une audience concernant les d\u00e9clarations qu&rsquo;il a faites lors d&rsquo;une interview\u00bb, a d\u00e9clar\u00e9 un porte-parole du minist\u00e8re dans un communiqu\u00e9.<\/p>\n<p class=\"fig-paragraph\">M\u00eame si sa nomination est de nature politique &#8211; Yechiel Leiter ayant \u00e9t\u00e9 d\u00e9sign\u00e9 par Benyamin Netanyahou &#8211; le diplomate isra\u00e9lien est en principe tenu de ne pas commenter la politique int\u00e9rieure. Dans cet entretien, Yechiel Leiter a accus\u00e9 \u00ables extr\u00e9mistes de gauche\u00bb et les m\u00e9dias isra\u00e9liens de chercher \u00e0 renverser le gouvernement, qualifiant ces tentatives de \u00abcalomnies\u00bb visant le premier ministre. Il a affirm\u00e9 que certains d\u00e9tracteurs accusaient Netanyahou de prolonger la\u00a0<a href=\"http:\/\/www.lefigaro.fr\/international\/gaza-benyamin-netanyahou-ouvert-a-un-accord-pour-mettre-fin-a-la-guerre-20250518\" data-fig-type=\"Article\" data-gtm-custom-categorie=\"navigation\" data-gtm-custom-action=\"crossclick\" data-gtm-custom-label=\"Contextuel\" data-gtm-event=\"customEventSPE\" data-fig-domain=\"LEFIGARO\" target=\"_blank\" rel=\"noopener\">guerre \u00e0 Gaza<\/a>\u00a0dans le seul but de rester au pouvoir, une id\u00e9e qu&rsquo;il a qualifi\u00e9e de \u00abfolie\u00bb et de \u00abmalveillante\u00bb.<\/p>\n<p class=\"fig-paragraph\">Un sondage publi\u00e9 samedi par la cha\u00eene isra\u00e9lienne 12 r\u00e9v\u00e8le que 55% de la population estime que Benyamin Netanyahou est davantage motiv\u00e9 par le maintien au pouvoir que par la fin de la guerre ou la lib\u00e9ration des otages toujours d\u00e9tenus \u00e0 Gaza.<\/p>\n<p class=\"fig-paragraph\">Yechiel Leiter, 65 ans, ancien conseiller de Benyamin Netanyahou est d&rsquo;origine am\u00e9ricaine et vivait dans une colonie de Cisjordanie occup\u00e9e. Son fils, Moch\u00e9 Leiter, officier de l&rsquo;arm\u00e9e isra\u00e9lienne, a \u00e9t\u00e9 tu\u00e9 en novembre 2023 dans la bande de Gaza o\u00f9 l&rsquo;arm\u00e9e isra\u00e9lienne est en guerre contre le Hamas depuis\u00a0<a href=\"http:\/\/www.lefigaro.fr\/international\/dossier\/attaque-du-hamas-contre-israel-le-point-sur-la-situation\" data-fig-type=\"Topic\" data-gtm-custom-categorie=\"navigation\" data-gtm-custom-action=\"crossclick\" data-gtm-custom-label=\"Contextuel\" data-gtm-event=\"customEventSPE\" data-fig-domain=\"LEFIGARO\" target=\"_blank\" rel=\"noopener\">l&rsquo;attaque sans pr\u00e9c\u00e9dent du mouvement islamiste en Isra\u00ebl<\/a>, le 7 octobre 2023.<\/p>\n","protected":false},"excerpt":{"rendered":"L&rsquo;ambassadeur d&rsquo;Isra\u00ebl\u00a0aux \u00c9tats-Unis, Yechiel Leiter, a \u00e9t\u00e9 convoqu\u00e9 par le minist\u00e8re isra\u00e9lien des Affaires \u00e9trang\u00e8res \u00e0 la suite&hellip;\n","protected":false},"author":2,"featured_media":127427,"comment_status":"","ping_status":"","sticky":false,"template":"","format":"standard","meta":{"footnotes":""},"categories":[1589],"tags":[1111,47,11,1109,1112,73,1866,118,1108,107,1106,1107,27,1110,1114,14,664,12,1113,316,1864,1865,1863,308],"class_list":{"0":"post-127426","1":"post","2":"type-post","3":"status-publish","4":"format-standard","5":"has-post-thumbnail","7":"category-etats-unis","8":"tag-actu","9":"tag-actualite","10":"tag-actualites","11":"tag-breves","12":"tag-depeches","13":"tag-etats-unis","14":"tag-etats-unis-damerique","15":"tag-faits-divers","16":"tag-fil","17":"tag-fil-info","18":"tag-flash","19":"tag-flash-actu","20":"tag-france","21":"tag-informations","22":"tag-infos","23":"tag-international","24":"tag-israel","25":"tag-news","26":"tag-nouvelles","27":"tag-politique","28":"tag-united-states","29":"tag-united-states-of-america","30":"tag-us","31":"tag-usa"},"share_on_mastodon":{"url":"https:\/\/pubeurope.com\/@fr\/114569643849418681","error":""},"_links":{"self":[{"href":"https:\/\/www.europesays.com\/fr\/wp-json\/wp\/v2\/posts\/127426","targetHints":{"allow":["GET"]}}],"collection":[{"href":"https:\/\/www.europesays.com\/fr\/wp-json\/wp\/v2\/posts"}],"about":[{"href":"https:\/\/www.europesays.com\/fr\/wp-json\/wp\/v2\/types\/post"}],"author":[{"embeddable":true,"href":"https:\/\/www.europesays.com\/fr\/wp-json\/wp\/v2\/users\/2"}],"replies":[{"embeddable":true,"href":"https:\/\/www.europesays.com\/fr\/wp-json\/wp\/v2\/comments?post=127426"}],"version-history":[{"count":0,"href":"https:\/\/www.europesays.com\/fr\/wp-json\/wp\/v2\/posts\/127426\/revisions"}],"wp:featuredmedia":[{"embeddable":true,"href":"https:\/\/www.europesays.com\/fr\/wp-json\/wp\/v2\/media\/127427"}],"wp:attachment":[{"href":"https:\/\/www.europesays.com\/fr\/wp-json\/wp\/v2\/media?parent=127426"}],"wp:term":[{"taxonomy":"category","embeddable":true,"href":"https:\/\/www.europesays.com\/fr\/wp-json\/wp\/v2\/categories?post=127426"},{"taxonomy":"post_tag","embeddable":true,"href":"https:\/\/www.europesays.com\/fr\/wp-json\/wp\/v2\/tags?post=127426"}],"curies":[{"name":"wp","href":"https:\/\/api.w.org\/{rel}","templated":true}]}}