{"id":127428,"date":"2025-05-25T17:26:10","date_gmt":"2025-05-25T17:26:10","guid":{"rendered":"https:\/\/www.europesays.com\/fr\/127428\/"},"modified":"2025-05-25T17:26:10","modified_gmt":"2025-05-25T17:26:10","slug":"la-cheffe-du-parti-conservateur-refuse-de-qualifier-la-guerre-israelienne-contre-gaza-de-genocide","status":"publish","type":"post","link":"https:\/\/www.europesays.com\/fr\/127428\/","title":{"rendered":"la cheffe du Parti conservateur refuse de qualifier la guerre isra\u00e9lienne contre Gaza de \u00ab g\u00e9nocide \u00bb"},"content":{"rendered":"<p style=\"text-align:justify;\">AA \/ Tunis \/ M. Belhaj<\/p>\n<p style=\"text-align:justify;\">La cheffe du Parti conservateur britannique, Kemi Badenoch, a affirm\u00e9, dimanche, qu\u2019Isra\u00ebl menait une \u00ab guerre par procuration au nom du Royaume-Uni \u00bb contre le Hamas dans la Bande de Gaza.<\/p>\n<p style=\"text-align:justify;\">Intervenant sur Sky News, elle a rejet\u00e9 l\u2019usage du terme \u00ab g\u00e9nocide \u00bb pour d\u00e9signer la guerre isra\u00e9lienne en cours contre l\u2019enclave palestinienne assi\u00e9g\u00e9e, tout en prenant ses distances avec les critiques r\u00e9cemment exprim\u00e9es \u00e0 l&rsquo;encontre d&rsquo;Isra\u00ebl par des responsables occidentaux et, notamment par le Premier ministre britannique Keir Starmer.<\/p>\n<p style=\"text-align:justify;\"><strong>** \u00ab Ce n\u2019est pas un g\u00e9nocide \u00bb, selon Badenoch<\/strong><\/p>\n<p style=\"text-align:justify;\">Lors de son passage ce dimanche matin dans l\u2019\u00e9mission &lsquo;Sunday Morning with Trevor Phillips&rsquo;, sur Sky News, Kemi Badenoch a pris fermement position en faveur d\u2019Isra\u00ebl. R\u00e9agissant aux accusations de crimes de guerre et de g\u00e9nocide port\u00e9es contre le gouvernement de Benyamin Netanyahu, elle a d\u00e9clar\u00e9 : \u00ab Isra\u00ebl m\u00e8ne une guerre. Ce n\u2019est pas \u00e0 moi de juger exactement comment ils la m\u00e8nent. (\u2026) Ce n\u2019est pas un g\u00e9nocide, contrairement \u00e0 ce que certains disent. \u00bb<\/p>\n<p style=\"text-align:justify;\">Alors que le journaliste Trevor Phillips lui faisait remarquer qu\u2019elle \u00ab semblait ne pas adresser une quelconque critique aux actions isra\u00e9liennes \u00bb, la dirigeante conservatrice a r\u00e9pondu : \u00ab Ce n\u2019est pas vrai. J\u2019ai d\u00e9j\u00e0 critiqu\u00e9 certaines choses \u00bb, tout en insistant sur la n\u00e9cessit\u00e9 de soutenir Isra\u00ebl dans sa guerre <\/p>\n<p style=\"text-align:justify;\">Et de pr\u00e9ciser : \u00ab Isra\u00ebl m\u00e8ne une guerre pour r\u00e9cup\u00e9rer 58 otages qui n\u2019ont pas \u00e9t\u00e9 rendus, c\u2019est de cela qu\u2019il s\u2019agit. Ils ont dit qu\u2019il n\u2019y aurait pas de cessez-le-feu tant que leurs citoyens ne sont pas r\u00e9cup\u00e9r\u00e9s. \u00bb<\/p>\n<p style=\"text-align:justify;\">\u00c9voquant le fait que le mouvement de r\u00e9sistance palestinien Hamas ait r\u00e9agi favorablement \u00e0 certaines positions occidentales, Badenoch a lanc\u00e9 : \u00ab Si le Hamas loue vos actions, c\u2019est probablement que vous avez fait quelque chose de mal \u00bb, ajoutant : \u00ab Le Hamas est un groupe terroriste. \u00bb<\/p>\n<p style=\"text-align:justify;\">Elle a \u00e9galement fait une analogie entre le conflit \u00e0 Gaza et la guerre en Ukraine : \u00ab Isra\u00ebl m\u00e8ne une guerre par procuration au nom du Royaume-Uni, tout comme l\u2019Ukraine le fait pour l\u2019Europe de l\u2019Ouest contre la Russie. \u00bb<\/p>\n<p style=\"text-align:justify;\">Interrog\u00e9e sur les propos du Premier ministre isra\u00e9lien Benyamin Netanyahu, qui a accus\u00e9 le Premier ministre britannique Keir Starmer de \u00ab soutenir des assassins, des violeurs et des tueurs d&rsquo;enfants \u00bb, Badenoch a \u00e9lud\u00e9 toute critique : \u00ab Je ne suis pas ici pour surveiller le langage du Premier ministre d\u2019Isra\u00ebl. \u00bb<\/p>\n<p style=\"text-align:justify;\">Enfin, elle a soulign\u00e9 l\u2019objectif poursuivi, selon elle, par Tel-Aviv : \u00ab Ce que nous devons faire, c\u2019est nous assurer que nous sommes du c\u00f4t\u00e9 de ceux qui veulent \u00e9radiquer le Hamas. Nous avons besoin que cela se produise si nous voulons un jour obtenir une solution \u00e0 deux \u00c9tats et mettre fin \u00e0 cette guerre. \u00bb<\/p>\n<p style=\"text-align:justify;\"><strong>** Critiques croissantes de la communaut\u00e9 internationale<\/strong><\/p>\n<p style=\"text-align:justify;\">Les d\u00e9clarations de Kemi Badenoch interviennent dans un contexte de fortes tensions diplomatiques autour de la guerre isra\u00e9lienne contre la Bande de Gaza. Cette semaine, une d\u00e9claration conjointe a \u00e9t\u00e9 publi\u00e9e par le chef du gouvernement britannique Keir Starmer, le pr\u00e9sident fran\u00e7ais Emmanuel Macron et le Premier ministre canadien Mark Carney. Les trois responsables ont appel\u00e9 Isra\u00ebl \u00e0 mettre fin \u00e0 la souffrance \u00ab intol\u00e9rable \u00bb inflig\u00e9e aux civils palestiniens, avertissant qu&rsquo;ils prendraient des \u00ab mesures concr\u00e8tes \u00bb si Netanyahu ne changeait pas de cap, notamment en ce qui concerne l&rsquo;aide humanitaire.<\/p>\n<p style=\"text-align:justify;\">Dans la foul\u00e9e de cette d\u00e9claration, le Royaume-Uni a suspendu, mardi, les n\u00e9gociations commerciales en cours avec Isra\u00ebl, suscitant la col\u00e8re de Benyamin Netanyahu. Le Premier ministre isra\u00e9lien a accus\u00e9 le Royaume-Uni, la France et le Canada d\u2019\u00eatre \u00ab du mauvais c\u00f4t\u00e9 de la justice, du mauvais c\u00f4t\u00e9 de l&rsquo;humanit\u00e9 et du mauvais c\u00f4t\u00e9 de l&rsquo;histoire \u00bb, affirmant que le Hamas les avait \u00ab remerci\u00e9s \u00bb pour leur r\u00e9cente prise de position.<\/p>\n<p style=\"text-align:justify;\">Mercredi, lors d&rsquo;une session pl\u00e9ni\u00e8re du Parlement europ\u00e9en consacr\u00e9e \u00e0 la situation en Isra\u00ebl et \u00e0 Gaza, la pr\u00e9sidente slov\u00e8ne Natasa Pirc Musar d\u00e9clarait : \u00ab Je vais oser le dire ici et aujourd&rsquo;hui au Parlement europ\u00e9en&#8230; nous sommes t\u00e9moins d\u2019un g\u00e9nocide \u00bb \u00e0 Gaza, ajoutant : \u00ab Nous en sommes t\u00e9moins, nous le voyons, et nous restons mur\u00e9s dans le silence \u00bb.<\/p>\n<p style=\"text-align:justify;\">De son c\u00f4t\u00e9, Isra\u00ebl a r\u00e9it\u00e9r\u00e9 sa volont\u00e9 de poursuivre les op\u00e9rations militaires jusqu\u2019\u00e0 ce que \u00ab toutes les zones de la Bande de Gaza soient sous contr\u00f4le isra\u00e9lien \u00bb, selon un communiqu\u00e9 du gouvernement Netanyahu publi\u00e9 cette semaine.<\/p>\n<p style=\"text-align:justify;\">Sur le terrain, la situation humanitaire continue de se d\u00e9t\u00e9riorer. Depuis le 2 mars 2025, les points de passage entre Isra\u00ebl et la Bande de Gaza restent ferm\u00e9s \u00e0 l\u2019aide alimentaire, m\u00e9dicale et humanitaire, selon plusieurs ONG, organismes des Nations unies et rapports gouvernementaux.<\/p>\n<p style=\"text-align:justify;\">Selon le Secr\u00e9taire g\u00e9n\u00e9ral de l\u2019ONU, Antonio Guterres, Isra\u00ebl bloque l\u2019entr\u00e9e d\u2019aides internationales vitales depuis plus de 80 jours, aggravant la crise dans l\u2019enclave.<\/p>\n<p style=\"text-align:justify;\">\u00ab Les Palestiniens de Gaza vivent peut-\u00eatre la phase la plus cruelle de ce conflit brutal \u00bb, a d\u00e9clar\u00e9 Guterres, vendredi, soulignant que l\u2019ensemble de la population est confront\u00e9e \u00e0 un risque imminent de famine, selon les \u00e9valuations des organisations internationales.<\/p>\n<p style=\"text-align:justify;\">Le m\u00eame jour, Saskia Kluit (Pays-Bas), rapporteuse de l&rsquo;Assembl\u00e9e parlementaire du Conseil de l&rsquo;Europe (APCE), a d\u00e9clar\u00e9 que la crise humanitaire actuelle et le blocus de l&rsquo;aide \u00e0 Gaza pourraient s&rsquo;apparenter \u00e0 un \u00ab nettoyage ethnique et \u00e0 un g\u00e9nocide \u00bb.<\/p>\n<p style=\"text-align:justify;\">L\u2019arm\u00e9e isra\u00e9lienne m\u00e8ne, depuis octobre 2023, une guerre g\u00e9nocidaire contre le territoire palestinien assi\u00e9g\u00e9 o\u00f9 53 901 Palestiniens, principalement des femmes et des enfants, ont \u00e9t\u00e9 tu\u00e9s, selon le dernier bilan communiqu\u00e9 par le minist\u00e8re palestinien de la Sant\u00e9.<\/p>\n<p style=\"text-align:justify;\">En novembre 2024, la Cour p\u00e9nale internationale (CPI) a d\u00e9livr\u00e9 des mandats d\u2019arr\u00eat \u00e0 l\u2019encontre du Premier ministre isra\u00e9lien Benyamin Netanyahu et son ancien ministre de la D\u00e9fense, Yoav Gallant, les accusant de crimes de guerre et crimes contre l\u2019humanit\u00e9 perp\u00e9tr\u00e9s dans la Bande de Gaza.<\/p>\n<p style=\"text-align:justify;\">Isra\u00ebl est \u00e9galement poursuivi pour \u00ab crime de g\u00e9nocide \u00bb devant la Cour internationale de justice (CIJ) en raison de la guerre qu&rsquo;il m\u00e8ne contre l&rsquo;enclave palestinienne.<\/p>\n<p>                            &#13;<br \/>\n                                <a href=\"https:\/\/www.aa.com.tr\/fr\/p\/abonnement\/1001\" target=\"_blank\" style=\"font-size:12px; color:#444; text-decoration:none;\" rel=\"noopener\">&#13;<br \/>\n                                    Seulement une partie des d\u00e9p\u00eaches, que l&rsquo;Agence Anadolu diffuse \u00e0 ses abonn\u00e9s via le Syst\u00e8me de Diffusion interne (HAS), est diffus\u00e9e sur le site de l&rsquo;AA, de mani\u00e8re r\u00e9sum\u00e9e. <b style=\"color:#1897F7\">Contactez-nous s&rsquo;il vous pla\u00eet pour vous abonner.<\/b>&#13;<br \/>\n                                <\/a>&#13;<\/p>\n","protected":false},"excerpt":{"rendered":"AA \/ Tunis \/ M. Belhaj La cheffe du Parti conservateur britannique, Kemi Badenoch, a affirm\u00e9, dimanche, qu\u2019Isra\u00ebl&hellip;\n","protected":false},"author":2,"featured_media":127429,"comment_status":"","ping_status":"","sticky":false,"template":"","format":"standard","meta":{"footnotes":""},"categories":[1588],"tags":[11,1785,4628,25094,1777,674,16422,3819,2581,25095,12,3518,473,1853,25096,25097,1851,1850,1852],"class_list":{"0":"post-127428","1":"post","2":"type-post","3":"status-publish","4":"format-standard","5":"has-post-thumbnail","7":"category-royaume-uni","8":"tag-actualites","9":"tag-anadolu-ajansi","10":"tag-bande-de-gaza","11":"tag-cheffe-du-parti-conservateur","12":"tag-eu","13":"tag-europe","14":"tag-guerre-gnocidaire-isralienne","15":"tag-isral","16":"tag-keir-starmer","17":"tag-kemi-badenoch","18":"tag-news","19":"tag-palestine","20":"tag-royaume-uni","21":"tag-royaume-uni-de-grande-bretagne-et-dirlande-du-nord","22":"tag-sky-news","23":"tag-sunday-morning-with-trevor-phillips","24":"tag-uk","25":"tag-united-kingdom","26":"tag-united-kingdom-of-great-britain-and-northern-ireland"},"share_on_mastodon":{"url":"https:\/\/pubeurope.com\/@fr\/114569647732647857","error":""},"_links":{"self":[{"href":"https:\/\/www.europesays.com\/fr\/wp-json\/wp\/v2\/posts\/127428","targetHints":{"allow":["GET"]}}],"collection":[{"href":"https:\/\/www.europesays.com\/fr\/wp-json\/wp\/v2\/posts"}],"about":[{"href":"https:\/\/www.europesays.com\/fr\/wp-json\/wp\/v2\/types\/post"}],"author":[{"embeddable":true,"href":"https:\/\/www.europesays.com\/fr\/wp-json\/wp\/v2\/users\/2"}],"replies":[{"embeddable":true,"href":"https:\/\/www.europesays.com\/fr\/wp-json\/wp\/v2\/comments?post=127428"}],"version-history":[{"count":0,"href":"https:\/\/www.europesays.com\/fr\/wp-json\/wp\/v2\/posts\/127428\/revisions"}],"wp:featuredmedia":[{"embeddable":true,"href":"https:\/\/www.europesays.com\/fr\/wp-json\/wp\/v2\/media\/127429"}],"wp:attachment":[{"href":"https:\/\/www.europesays.com\/fr\/wp-json\/wp\/v2\/media?parent=127428"}],"wp:term":[{"taxonomy":"category","embeddable":true,"href":"https:\/\/www.europesays.com\/fr\/wp-json\/wp\/v2\/categories?post=127428"},{"taxonomy":"post_tag","embeddable":true,"href":"https:\/\/www.europesays.com\/fr\/wp-json\/wp\/v2\/tags?post=127428"}],"curies":[{"name":"wp","href":"https:\/\/api.w.org\/{rel}","templated":true}]}}