{"id":12743,"date":"2025-04-09T13:40:09","date_gmt":"2025-04-09T13:40:09","guid":{"rendered":"https:\/\/www.europesays.com\/fr\/12743\/"},"modified":"2025-04-09T13:40:09","modified_gmt":"2025-04-09T13:40:09","slug":"le-champion-du-monde-martin-va-faire-son-retour-rts-ch","status":"publish","type":"post","link":"https:\/\/www.europesays.com\/fr\/12743\/","title":{"rendered":"Le champion du monde Martin va faire son retour &#8211; rts.ch"},"content":{"rendered":"<p>Jorge Martin, forfait pour les trois premi\u00e8res manches de la saison en raison d&rsquo;une blessure \u00e0 la main gauche, fera son retour ce week-end lors du Grand Prix du Qatar.<\/p>\n<p>Le champion du monde en titre de MotoGP s&rsquo;\u00e9tait bless\u00e9 lors des essais de pr\u00e9-saison \u00e0 Sepang et avait d\u00fb \u00eatre op\u00e9r\u00e9 d\u00e9but f\u00e9vrier. Le pilote espagnol d&rsquo;Aprilia avait connu une nouvelle chute qui avait n\u00e9cessit\u00e9 une intervention \u00e0 la main gauche \u00e0 la fin du mois de f\u00e9vrier.<\/p>\n<blockquote class=\"rts-quote quote with-image\">\n<p class=\"q-text\">Je ne sais pas o\u00f9 j&rsquo;en suis physiquement &#8211; je ne suis clairement pas \u00e0 100%<\/p>\n<p><img decoding=\"async\" class=\"q-img\" src=\"https:\/\/www.europesays.com\/fr\/wp-content\/uploads\/2025\/04\/s7mrt8-28848430.image\" data-ratio=\"square\"\/>  Jorge Martin <\/p><\/blockquote>\n<p>\u00ab\u00a0Je ne sais pas o\u00f9 j&rsquo;en suis physiquement &#8211; je ne suis clairement pas \u00e0 100%. On va essayer de faire de notre mieux et de progresser petit \u00e0 petit\u00a0\u00bb, explique-t-il en pr\u00e9cisant n&rsquo;\u00eatre \u00ab\u00a0m\u00eame pas s\u00fbr de pouvoir terminer la course\u00a0\u00bb, longue de 22 tours sur le circuit de Lusail (5,4 km).<\/p>\n<p>\u00ab\u00a0Sa participation (&#8230;) reste conditionn\u00e9e \u00e0 l&rsquo;approbation de la d\u00e9l\u00e9gation m\u00e9dicale du championnat du monde MotoGP\u00a0\u00bb, pr\u00e9vient par ailleurs Aprilia.<\/p>\n<p class=\"sources\">ats\/lper<\/p>\n","protected":false},"excerpt":{"rendered":"Jorge Martin, forfait pour les trois premi\u00e8res manches de la saison en raison d&rsquo;une blessure \u00e0 la main&hellip;\n","protected":false},"author":2,"featured_media":12744,"comment_status":"","ping_status":"","sticky":false,"template":"","format":"standard","meta":{"footnotes":""},"categories":[1413],"tags":[5828,1431,5829,1011,27,1982,1466,5830,1457,1456,5831,5832,517,60],"class_list":{"0":"post-12743","1":"post","2":"type-post","3":"status-publish","4":"format-standard","5":"has-post-thumbnail","7":"category-moto","8":"tag-aprilia","9":"tag-blessure","10":"tag-championnat-du-monde-de-vitesse-moto","11":"tag-fr","12":"tag-france","13":"tag-grand-prix","14":"tag-jorge-martin","15":"tag-keystone","16":"tag-moto","17":"tag-motocycle","18":"tag-motocyclette","19":"tag-sepang","20":"tag-sport","21":"tag-sports"},"share_on_mastodon":{"url":"https:\/\/pubeurope.com\/@fr\/114308292522448101","error":""},"_links":{"self":[{"href":"https:\/\/www.europesays.com\/fr\/wp-json\/wp\/v2\/posts\/12743","targetHints":{"allow":["GET"]}}],"collection":[{"href":"https:\/\/www.europesays.com\/fr\/wp-json\/wp\/v2\/posts"}],"about":[{"href":"https:\/\/www.europesays.com\/fr\/wp-json\/wp\/v2\/types\/post"}],"author":[{"embeddable":true,"href":"https:\/\/www.europesays.com\/fr\/wp-json\/wp\/v2\/users\/2"}],"replies":[{"embeddable":true,"href":"https:\/\/www.europesays.com\/fr\/wp-json\/wp\/v2\/comments?post=12743"}],"version-history":[{"count":0,"href":"https:\/\/www.europesays.com\/fr\/wp-json\/wp\/v2\/posts\/12743\/revisions"}],"wp:featuredmedia":[{"embeddable":true,"href":"https:\/\/www.europesays.com\/fr\/wp-json\/wp\/v2\/media\/12744"}],"wp:attachment":[{"href":"https:\/\/www.europesays.com\/fr\/wp-json\/wp\/v2\/media?parent=12743"}],"wp:term":[{"taxonomy":"category","embeddable":true,"href":"https:\/\/www.europesays.com\/fr\/wp-json\/wp\/v2\/categories?post=12743"},{"taxonomy":"post_tag","embeddable":true,"href":"https:\/\/www.europesays.com\/fr\/wp-json\/wp\/v2\/tags?post=12743"}],"curies":[{"name":"wp","href":"https:\/\/api.w.org\/{rel}","templated":true}]}}