{"id":127430,"date":"2025-05-25T17:27:09","date_gmt":"2025-05-25T17:27:09","guid":{"rendered":"https:\/\/www.europesays.com\/fr\/127430\/"},"modified":"2025-05-25T17:27:09","modified_gmt":"2025-05-25T17:27:09","slug":"lallemagne-appelle-a-une-amelioration-urgente-de-la-situation-humanitaire-a-gaza","status":"publish","type":"post","link":"https:\/\/www.europesays.com\/fr\/127430\/","title":{"rendered":"L\u2019Allemagne appelle \u00e0 une am\u00e9lioration urgente de la situation humanitaire \u00e0 Gaza"},"content":{"rendered":"<p>AA \/ Berlin \/ Ayhan \u015eim\u015fek<\/p>\n<p>Le vice-ministre allemand des Affaires \u00e9trang\u00e8res a tir\u00e9 la sonnette d\u2019alarme, dimanche, sur la d\u00e9gradation de la crise humanitaire \u00e0 Gaza, appelant \u00e0 un cessez-le-feu imm\u00e9diat et \u00e0 une solution diplomatique pour mettre fin au conflit en cours.<\/p>\n<p>\u00ab La situation humanitaire \u00e0 Gaza reste insoutenable \u00bb, a d\u00e9clar\u00e9 Florian Hahn dans un communiqu\u00e9, avant sa rencontre \u00e0 Madrid avec ses homologues pour discuter des derniers d\u00e9veloppements.<\/p>\n<p>Hahn a soulign\u00e9 que mettre fin \u00e0 la guerre \u00e0 Gaza et ouvrir la voie \u00e0 une solution politique constitue actuellement l\u2019une des principales priorit\u00e9s de la politique \u00e9trang\u00e8re allemande.<\/p>\n<p>\u00ab Cela signifie que les otages doivent enfin \u00eatre lib\u00e9r\u00e9s, que la situation humanitaire de la population \u00e0 Gaza doit \u00eatre urgemment am\u00e9lior\u00e9e, que le Hamas ne doit plus repr\u00e9senter une menace, et qu\u2019il faut progresser vers une solution \u00e0 deux \u00c9tats pour enfin r\u00e9soudre le conflit au Proche-Orient \u00bb, a-t-il affirm\u00e9.<\/p>\n<p>Lors de la conf\u00e9rence de Madrid, Hahn a indiqu\u00e9 qu\u2019il mettra en avant l\u2019approche de l\u2019Allemagne et ses contributions concr\u00e8tes \u00e0 la mise en \u0153uvre de la solution \u00e0 deux \u00c9tats.<\/p>\n<p>\u00ab Cela comprend, outre notre engagement ind\u00e9fectible pour la s\u00e9curit\u00e9 d\u2019Isra\u00ebl, notre soutien \u00e0 la construction de structures \u00e9tatiques dans les territoires palestiniens ; notre position claire contre la construction de colonies, les violences des colons et les efforts d\u2019annexion en Cisjordanie ; ainsi que notre soutien \u00e0 la r\u00e9forme et au renforcement de l\u2019Autorit\u00e9 palestinienne \u00e0 Ramallah \u00bb, a-t-il expliqu\u00e9.<\/p>\n<p>La r\u00e9union de Madrid servira de pr\u00e9paration \u00e0 une conf\u00e9rence de haut niveau de l\u2019ONU sur la solution \u00e0 deux \u00c9tats, que la France et l\u2019Arabie saoudite accueilleront \u00e0 New York en juin prochain. Le Groupe de Madrid, form\u00e9 en 2024, a \u00e9t\u00e9 cr\u00e9\u00e9 pour relancer la solution \u00e0 deux \u00c9tats face \u00e0 la situation critique \u00e0 Gaza et \u00e0 l\u2019escalade de la violence au Moyen-Orient.<\/p>\n<p>Apr\u00e8s ses discussions en Espagne, Hahn se rendra en Isra\u00ebl pour participer \u00e0 une conf\u00e9rence internationale sur la lutte contre l\u2019antis\u00e9mitisme, pr\u00e9vue du 26 au 28 mai, selon un communiqu\u00e9 du minist\u00e8re allemand des Affaires \u00e9trang\u00e8res.<\/p>\n<p>* Traduit de l&rsquo;anglais par Sanaa Amir<\/p>\n<p>                            &#13;<br \/>\n                                <a href=\"https:\/\/www.aa.com.tr\/fr\/p\/abonnement\/1001\" target=\"_blank\" style=\"font-size:12px; color:#444; text-decoration:none;\" rel=\"noopener\">&#13;<br \/>\n                                    Seulement une partie des d\u00e9p\u00eaches, que l&rsquo;Agence Anadolu diffuse \u00e0 ses abonn\u00e9s via le Syst\u00e8me de Diffusion interne (HAS), est diffus\u00e9e sur le site de l&rsquo;AA, de mani\u00e8re r\u00e9sum\u00e9e. <b style=\"color:#1897F7\">Contactez-nous s&rsquo;il vous pla\u00eet pour vous abonner.<\/b>&#13;<br \/>\n                                <\/a>&#13;<\/p>\n","protected":false},"excerpt":{"rendered":"AA \/ Berlin \/ Ayhan \u015eim\u015fek Le vice-ministre allemand des Affaires \u00e9trang\u00e8res a tir\u00e9 la sonnette d\u2019alarme, dimanche,&hellip;\n","protected":false},"author":2,"featured_media":127431,"comment_status":"","ping_status":"","sticky":false,"template":"","format":"standard","meta":{"footnotes":""},"categories":[1587],"tags":[11,672,1785,1804,1805,1803,1777,674,665,1801,9471,12,1802],"class_list":{"0":"post-127430","1":"post","2":"type-post","3":"status-publish","4":"format-standard","5":"has-post-thumbnail","7":"category-allemagne","8":"tag-actualites","9":"tag-allemagne","10":"tag-anadolu-ajansi","11":"tag-bundesrepublik-deutschland","12":"tag-de","13":"tag-deutschland","14":"tag-eu","15":"tag-europe","16":"tag-gaza","17":"tag-germany","18":"tag-madrid","19":"tag-news","20":"tag-republique-federale-dallemagne"},"share_on_mastodon":{"url":"https:\/\/pubeurope.com\/@fr\/114569651354478128","error":""},"_links":{"self":[{"href":"https:\/\/www.europesays.com\/fr\/wp-json\/wp\/v2\/posts\/127430","targetHints":{"allow":["GET"]}}],"collection":[{"href":"https:\/\/www.europesays.com\/fr\/wp-json\/wp\/v2\/posts"}],"about":[{"href":"https:\/\/www.europesays.com\/fr\/wp-json\/wp\/v2\/types\/post"}],"author":[{"embeddable":true,"href":"https:\/\/www.europesays.com\/fr\/wp-json\/wp\/v2\/users\/2"}],"replies":[{"embeddable":true,"href":"https:\/\/www.europesays.com\/fr\/wp-json\/wp\/v2\/comments?post=127430"}],"version-history":[{"count":0,"href":"https:\/\/www.europesays.com\/fr\/wp-json\/wp\/v2\/posts\/127430\/revisions"}],"wp:featuredmedia":[{"embeddable":true,"href":"https:\/\/www.europesays.com\/fr\/wp-json\/wp\/v2\/media\/127431"}],"wp:attachment":[{"href":"https:\/\/www.europesays.com\/fr\/wp-json\/wp\/v2\/media?parent=127430"}],"wp:term":[{"taxonomy":"category","embeddable":true,"href":"https:\/\/www.europesays.com\/fr\/wp-json\/wp\/v2\/categories?post=127430"},{"taxonomy":"post_tag","embeddable":true,"href":"https:\/\/www.europesays.com\/fr\/wp-json\/wp\/v2\/tags?post=127430"}],"curies":[{"name":"wp","href":"https:\/\/api.w.org\/{rel}","templated":true}]}}