{"id":127432,"date":"2025-05-25T17:28:08","date_gmt":"2025-05-25T17:28:08","guid":{"rendered":"https:\/\/www.europesays.com\/fr\/127432\/"},"modified":"2025-05-25T17:28:08","modified_gmt":"2025-05-25T17:28:08","slug":"fete-de-leurope-irina-veut-aider-et-informer-sur-les-mobilites-a-loudeac","status":"publish","type":"post","link":"https:\/\/www.europesays.com\/fr\/127432\/","title":{"rendered":"F\u00eate de l\u2019Europe\u00a0: Irina veut aider et informer sur les mobilit\u00e9s, \u00e0 Loud\u00e9ac"},"content":{"rendered":"<p>Jeudi 22 mai, l\u2019animation \u00e9tait \u00e0 son comble rue de Moncontour\u00a0: une belle ambiance musicale donn\u00e9e par les volontaires europ\u00e9ens, le Moulin \u00e0 sons et ses \u00e9l\u00e8ves. La f\u00eate de l\u2019Europe, organis\u00e9e par Irina, volontaire europ\u00e9enne \u00e0 la Structure Info Jeunes du CIAS de LCBC, a d\u00e9but\u00e9 d\u00e8s l\u2019apr\u00e8s-midi avec des ateliers sur la mobilit\u00e9 europ\u00e9enne pour les coll\u00e9giens et lyc\u00e9ens.<\/p>\n<p>Une cinquantaine d\u2019\u00e9l\u00e8ves de seconde et premi\u00e8re du lyc\u00e9e Xavier-Grall ont particip\u00e9 \u00e0 l\u2019animation sur l\u2019Europe\u00a0: six \u00e9l\u00e8ves de premi\u00e8re partent en stage au Luxembourg mardi 27 mai, jusqu\u2019au 21 juin.<\/p>\n<p>Se pr\u00e9parer d\u00e8s la seconde<\/p>\n<p>\u00ab\u00a0C\u2019\u00e9tait donc important pour nos \u00e9l\u00e8ves d\u2019aller \u00e0 cette animation sur l\u2019Europe, confie Caroline Liverneau, professeur en charge des mobilit\u00e9s au lyc\u00e9e. De plus, pour les secondes, cela permet de les pr\u00e9parer mentalement \u00e0 la proposition qu\u2019ils auront d\u2019aller en stage \u00e0 l\u2019\u00e9tranger l\u2019an prochain.\u00a0\u00bb<\/p>\n<p>Irina, bac +5 en gestion de projets et administratif, a travaill\u00e9 en Arm\u00e9nie \u00e0 la gestion d\u2019une association europ\u00e9enne. \u00ab\u00a0J\u2019ai choisi de me poser \u00e0 Loud\u00e9ac, explique Irina, pour aider et proposer des mobilit\u00e9s pour voyager dans diff\u00e9rents pays et d\u00e9couvrir les formations. Gr\u00e2ce \u00e0 mon travail, j\u2019ai voyag\u00e9 dans 35 pays et parle cinq langues. J\u2019ai aussi fait du th\u00e9\u00e2tre, \u00e7a aide bien.\u00a0\u00bb<\/p>\n","protected":false},"excerpt":{"rendered":"Jeudi 22 mai, l\u2019animation \u00e9tait \u00e0 son comble rue de Moncontour\u00a0: une belle ambiance musicale donn\u00e9e par les&hellip;\n","protected":false},"author":2,"featured_media":127433,"comment_status":"","ping_status":"","sticky":false,"template":"","format":"standard","meta":{"footnotes":""},"categories":[1586],"tags":[11,1777,674,1011,27,2885,12,25],"class_list":{"0":"post-127432","1":"post","2":"type-post","3":"status-publish","4":"format-standard","5":"has-post-thumbnail","7":"category-europe","8":"tag-actualites","9":"tag-eu","10":"tag-europe","11":"tag-fr","12":"tag-france","13":"tag-loudeac","14":"tag-news","15":"tag-republique-francaise"},"share_on_mastodon":{"url":"https:\/\/pubeurope.com\/@fr\/114569655318424644","error":""},"_links":{"self":[{"href":"https:\/\/www.europesays.com\/fr\/wp-json\/wp\/v2\/posts\/127432","targetHints":{"allow":["GET"]}}],"collection":[{"href":"https:\/\/www.europesays.com\/fr\/wp-json\/wp\/v2\/posts"}],"about":[{"href":"https:\/\/www.europesays.com\/fr\/wp-json\/wp\/v2\/types\/post"}],"author":[{"embeddable":true,"href":"https:\/\/www.europesays.com\/fr\/wp-json\/wp\/v2\/users\/2"}],"replies":[{"embeddable":true,"href":"https:\/\/www.europesays.com\/fr\/wp-json\/wp\/v2\/comments?post=127432"}],"version-history":[{"count":0,"href":"https:\/\/www.europesays.com\/fr\/wp-json\/wp\/v2\/posts\/127432\/revisions"}],"wp:featuredmedia":[{"embeddable":true,"href":"https:\/\/www.europesays.com\/fr\/wp-json\/wp\/v2\/media\/127433"}],"wp:attachment":[{"href":"https:\/\/www.europesays.com\/fr\/wp-json\/wp\/v2\/media?parent=127432"}],"wp:term":[{"taxonomy":"category","embeddable":true,"href":"https:\/\/www.europesays.com\/fr\/wp-json\/wp\/v2\/categories?post=127432"},{"taxonomy":"post_tag","embeddable":true,"href":"https:\/\/www.europesays.com\/fr\/wp-json\/wp\/v2\/tags?post=127432"}],"curies":[{"name":"wp","href":"https:\/\/api.w.org\/{rel}","templated":true}]}}