{"id":127446,"date":"2025-05-25T17:36:07","date_gmt":"2025-05-25T17:36:07","guid":{"rendered":"https:\/\/www.europesays.com\/fr\/127446\/"},"modified":"2025-05-25T17:36:07","modified_gmt":"2025-05-25T17:36:07","slug":"roland-garros-emotions-standing-ovation-federer-lhommage-a-monsieur-nadal-en-images-le-figaro","status":"publish","type":"post","link":"https:\/\/www.europesays.com\/fr\/127446\/","title":{"rendered":"Roland-Garros : \u00e9motions, standing ovation, Federer&#8230; L\u2019hommage \u00e0 Monsieur Nadal en images &#8211; Le Figaro"},"content":{"rendered":"<ol>\n<li><a href=\"https:\/\/news.google.com\/rss\/articles\/CBMi3gFBVV95cUxOWmhXcGNVcXR1c1VfaG5haF9RU1I5RllNdGNVcHN3WkhDc2dPNHh2aU5Scmw4UjI4bVZ5cnEtNGJYQnpYeVAtVXdFbWN0UDdrYWF4T2xCUHlNY284QURvMjhWTDVULW81NUZvSGdLRGlrVmx0RWtuN0ZkcjRfYTBRMGtUODhXOVp5NkpxODdPVkVYVno3OThTUDlSbkN0M2FTVVZXcWpkNHFDZ0NiZ1hoci1QRC03ZVJTYjJQSDZiT1NBTXB5Mk54bDlmUTJZbm85blVaQkxwYzg2U3pfYUE?oc=5\" target=\"_blank\" rel=\"noopener\">Roland-Garros : \u00e9motions, standing ovation, Federer&#8230; L\u2019hommage \u00e0 Monsieur Nadal en images<\/a>&nbsp;&nbsp;Le Figaro<\/li>\n<li><a href=\"https:\/\/news.google.com\/rss\/articles\/CBMi6AFBVV95cUxPdHNmZ3NKY0ZFV3JyRFZVbDNzQllFUFhrVkNFVnJOdGp0MExteXBDWTVmVTMxdkZmcllkamlTLUhQMWhxRzRVRDJVY2otTHk5ZkdKZldNNzJwcE1ka25YaDExYVdBMHM0djN6anJsbXdLT1NxYUxfXzkxakRnOGEzYzhoTGtfWU4xWmp0aHJkM1k2X2ZHNk5GUl9JdU5jQkVZWkl6ZktsSjQtTHVXdllBcnJmT1RxSnJLTnZ2Mk54U3NGWmxzY0VSTGJhU0ZzQzZqZUNwNnREU2pwZ3JiaUh5aE5oeG54TUhU?oc=5\" target=\"_blank\" rel=\"noopener\">\u00ab L\u00e9gende \u00bb : un troph\u00e9e remis \u00e0 Rafael Nadal \u00e0 Roland-Garros et son empreinte sur le court Philippe-Chatrier<\/a>&nbsp;&nbsp;L&rsquo;\u00c9quipe<\/li>\n<li><a href=\"https:\/\/news.google.com\/rss\/articles\/CBMi8gFBVV95cUxPRXZMTENDQ3N6dElLek4yb2w4WWxfUEFQQTQ2TnFXc2F3UVp6Tldma0hPVFJ4d1dJUzNrM29keWltejZla09JeXdzVHA4dnBNTWNqM3dkSkNBSWtsNl9WLVE2TVFWRWpWTnU1OEZOUGVQN2gzc0tFRnB1Nng2SEZ2WkdSSk5vaENzV21rVUllZ0VBS0tzSnRGWEhUeXBrbFdaWjFYZmpoWW1ub3Rxa05MLXJhV2RwOVRwbm0yU3lfVzVLUzFDa3JCSnhxbmU1Wll3cm1waE1IMmh5dUJJXzgwNXJod1Vldk5YbVhmVkltN3A2Zw?oc=5\" target=\"_blank\" rel=\"noopener\">Tifo, tee-shirts couleur ocre, pr\u00e9sence du Big 4 et pleurs \u00e0 gogo: les images de l&rsquo;hommage rendu \u00e0 Rafael Nadal<\/a>&nbsp;&nbsp;RMC Sport<\/li>\n<li><a href=\"https:\/\/news.google.com\/rss\/articles\/CBMi6wFBVV95cUxQUklTU0ZWazItb0pGbHZDR09JT0pzTXJtazJRSmtoVndIU1psUXZQLVFXdkN5d3d0V2VLVllEbC1OTGd0MzFhUjRSa3dNTTV6cVVOZmg1aEY2bWd0WDg5eFJMekxqYkZJUTlEYlNPX3l1WTdIM1Q1ZWpFZU1vVy1PbUpaczZIWkxIaVhxMmM4bkw1RzhyWEhEZ0lqUlEtZEh3aFpFdXB6bmktRXFOM2tJN2tsVFBYcjRBNHdFWTZFMjI0enhkZUZ3QjhoMTZMa1Fydjhmb2FvNWgySTdBaC1NbF9LLWlDclE0ZlJr?oc=5\" target=\"_blank\" rel=\"noopener\">Roland- Garros &#8211; C\u00e9r\u00e9monie d&rsquo;adieu de Rafael Nadal &#8211; Larmes, troph\u00e9e, Federer : Nadal, des adieux \u00e0 sa hauteur<\/a>&nbsp;&nbsp;Eurosport<\/li>\n<li><a href=\"https:\/\/news.google.com\/rss\/articles\/CBMi5AFBVV95cUxNekVQeS1KZWRyN0FrRE9iNU9sc25IcHBuUld4bkVuaFFUZVRWeWFVWEdqbWp2dDM3dWtSeDdwbjB4MXhvQnF3Y2dMeGpRX2IyaF9GeDR0Z2FidDZUejFBVThhXzFHR0hCNW1rWHFEdXNUcUlzaXRMYzdwTWdKbWNqV2t2TW13QXl0MjNaaWpFbzVLTjVaNFhuTUJTS19jQUNLZUlMV0RYc1VpNENGRkNDNWJMQ3pMT1NXbWk1clI5bnNzdlFhWnFHb1FJMll3ZXIwc09CUFNrMHZwZXl6NXZKU0tmQjY?oc=5\" target=\"_blank\" rel=\"noopener\">DIRECT. Roland-Garros 2025 : Federer, Djokovic, Murray&#8230; L&rsquo;hommage exceptionnel rendu \u00e0 Nadal<\/a>&nbsp;&nbsp;Linternaute.com<\/li>\n<\/ol>\n","protected":false},"excerpt":{"rendered":"Roland-Garros : \u00e9motions, standing ovation, Federer&#8230; L\u2019hommage \u00e0 Monsieur Nadal en images&nbsp;&nbsp;Le Figaro \u00ab L\u00e9gende \u00bb : un&hellip;\n","protected":false},"author":2,"featured_media":127447,"comment_status":"","ping_status":"","sticky":false,"template":"","format":"standard","meta":{"footnotes":""},"categories":[1415],"tags":[4169,105,2199,1011,27,24473,1960,24987,24472,4171,60,1467,4170],"class_list":{"0":"post-127446","1":"post","2":"type-post","3":"status-publish","4":"format-standard","5":"has-post-thumbnail","7":"category-tennis","8":"tag-atp","9":"tag-djokovic","10":"tag-federer","11":"tag-fr","12":"tag-france","13":"tag-internationaux-de-france","14":"tag-nadal","15":"tag-rafael-nadal","16":"tag-rg","17":"tag-roland-garros","18":"tag-sports","19":"tag-tennis","20":"tag-wta"},"share_on_mastodon":{"url":"https:\/\/pubeurope.com\/@fr\/114569686754870198","error":""},"_links":{"self":[{"href":"https:\/\/www.europesays.com\/fr\/wp-json\/wp\/v2\/posts\/127446","targetHints":{"allow":["GET"]}}],"collection":[{"href":"https:\/\/www.europesays.com\/fr\/wp-json\/wp\/v2\/posts"}],"about":[{"href":"https:\/\/www.europesays.com\/fr\/wp-json\/wp\/v2\/types\/post"}],"author":[{"embeddable":true,"href":"https:\/\/www.europesays.com\/fr\/wp-json\/wp\/v2\/users\/2"}],"replies":[{"embeddable":true,"href":"https:\/\/www.europesays.com\/fr\/wp-json\/wp\/v2\/comments?post=127446"}],"version-history":[{"count":0,"href":"https:\/\/www.europesays.com\/fr\/wp-json\/wp\/v2\/posts\/127446\/revisions"}],"wp:featuredmedia":[{"embeddable":true,"href":"https:\/\/www.europesays.com\/fr\/wp-json\/wp\/v2\/media\/127447"}],"wp:attachment":[{"href":"https:\/\/www.europesays.com\/fr\/wp-json\/wp\/v2\/media?parent=127446"}],"wp:term":[{"taxonomy":"category","embeddable":true,"href":"https:\/\/www.europesays.com\/fr\/wp-json\/wp\/v2\/categories?post=127446"},{"taxonomy":"post_tag","embeddable":true,"href":"https:\/\/www.europesays.com\/fr\/wp-json\/wp\/v2\/tags?post=127446"}],"curies":[{"name":"wp","href":"https:\/\/api.w.org\/{rel}","templated":true}]}}