{"id":127450,"date":"2025-05-25T17:39:11","date_gmt":"2025-05-25T17:39:11","guid":{"rendered":"https:\/\/www.europesays.com\/fr\/127450\/"},"modified":"2025-05-25T17:39:11","modified_gmt":"2025-05-25T17:39:11","slug":"gasly-juge-responsable-de-laccrochage-avec-tsunoda-a-monaco","status":"publish","type":"post","link":"https:\/\/www.europesays.com\/fr\/127450\/","title":{"rendered":"Gasly jug\u00e9 responsable de l&rsquo;accrochage avec Tsunoda \u00e0 Monaco"},"content":{"rendered":"<p>Pour <a href=\"https:\/\/fr.motorsport.com\/driver\/pierre-gasly\/95098\/\" target=\"_blank\" rel=\"noopener\">Pierre Gasly<\/a>, le Grand Prix de Monaco 2025 est \u00e0 oublier. Pour <a href=\"https:\/\/fr.motorsport.com\/driver\/yuki-tsunoda\/828578\/\" target=\"_blank\" rel=\"noopener\">Yuki Tsunoda<\/a> aussi. Les deux anciens co\u00e9quipiers, aujourd&rsquo;hui chez <a href=\"https:\/\/fr.motorsport.com\/team\/alpine\/37490\/\" target=\"_blank\" rel=\"noopener\">Alpine<\/a> et <a href=\"https:\/\/fr.motorsport.com\/team\/red-bull\/553\/\" target=\"_blank\" rel=\"noopener\">Red Bull<\/a>, ont eu maille \u00e0 partir \u00e0 la chicane du port apr\u00e8s les premiers tours de course, et alors qu&rsquo;ils avaient chacun effectu\u00e9 l&rsquo;un des des arr\u00eats au stand obligatoire.<\/p>\n<p>Le Fran\u00e7ais a accroch\u00e9 l&rsquo;arri\u00e8re de la monoplace du Japonais, qui a pu miraculeusement continuer. Train avant gauche pli\u00e9, il a regagn\u00e9 son stand pour abandonner, prenant soin d&rsquo;\u00e9viter une neutralisation de la course, si ce n&rsquo;est une fermeture temporaire de la pitlane.<\/p>\n<p>Sur la responsabilit\u00e9 \u00e0 endosser, les deux hommes n&rsquo;\u00e9taient pas d&rsquo;accord \u00e0 l&rsquo;arriv\u00e9e. Confirmant qu&rsquo;il n&rsquo;avait pas eu de d\u00e9faillance des freins avant le choc, Pierre Gasly a dit avoir \u00e9t\u00e9 surpris par un pilotage \u00ab\u00a0erratique\u00a0\u00bb de Yuki Tsunoda devant lui. Ce que le pilote Red Bull conteste, et c&rsquo;est une version des faits \u00e0 laquelle les commissaires ont adh\u00e9r\u00e9 apr\u00e8s avoir enqu\u00eat\u00e9 sur l&rsquo;accrochage.\u00a0<\/p>\n<p>L&rsquo;analyse argument\u00e9e des commissaires<br \/>\n   <img decoding=\"async\" draggable=\"false\" src=\"https:\/\/www.europesays.com\/fr\/wp-content\/uploads\/2025\/05\/1748194751_735_pierre-gasly-alpine.jpg\" alt=\"Pierre Gasly a \u00e9t\u00e9 contraint \u00e0 l'abandon.\" width=\"1200\" height=\"800\" loading=\"lazy\"\/> <\/p>\n<p class=\"title\">Pierre Gasly a \u00e9t\u00e9 contraint \u00e0 l&rsquo;abandon.<\/p>\n<p class=\"photographer\">Photo de: Gabriel Bouys &#8211; AFP &#8211; Getty Images<\/p>\n<p>\u00ab\u00a0Le pilote de la voiture n\u00b010, ainsi que le repr\u00e9sentant de l&rsquo;\u00e9quipe, ont soutenu que le pilote de la voiture n\u00b022 n&rsquo;avait pas laiss\u00e9 au moins une largeur de voiture entre sa propre voiture et le bord de la piste, ce qui aurait provoqu\u00e9 l&rsquo;accident\u00a0\u00bb, pr\u00e9cise leur rapport. \u00ab\u00a0Ils ont \u00e9galement affirm\u00e9 que la voiture n\u00b022 avait chang\u00e9 de trajectoire en freinant, ayant amorc\u00e9 son freinage sur le c\u00f4t\u00e9 gauche de la piste apr\u00e8s le virage 9, puis s&rsquo;\u00e9tant d\u00e9plac\u00e9e vers la droite avant le virage 10. Selon eux, cela aurait contribu\u00e9 \u00e0 l&rsquo;accrochage.\u00a0\u00bb<\/p>\n<p>\u00ab\u00a0Nous avons examin\u00e9 la trajectoire prise par le pilote de la voiture n\u00b022 lors des tours pr\u00e9c\u00e9dents. \u00c0 part quelques diff\u00e9rences marginales, la trajectoire \u00e9tait similaire. Il ne s&rsquo;agissait donc pas d&rsquo;une d\u00e9fense de position &lsquo;hors trajectoire&rsquo;, condition n\u00e9cessaire pour qu&rsquo;il y ait infraction \u00e0 l&rsquo;annexe L. L&rsquo;obligation de laisser une largeur de voiture ne s&rsquo;appliquait donc pas.\u00a0\u00bb<\/p>\n<p>\u00ab\u00a0Deuxi\u00e8mement, nous n&rsquo;avons pas consid\u00e9r\u00e9 que le pilote avait chang\u00e9 de direction en freinant pour d\u00e9fendre une position dans un virage (ce qui constitue l&rsquo;autre interdiction), mais qu&rsquo;il suivait sa trajectoire de course habituelle \u00e0 cet endroit du circuit, qui va de la gauche vers la droite.\u00a0\u00bb<\/p>\n<p>\u00ab\u00a0Dans ces circonstances, il nous est apparu que la tentative de d\u00e9passement sur la voiture n\u00b022, sur le circuit de Monaco, \u00e0 l&rsquo;approche du virage 10, \u00e9tait ambitieuse et avait peu de chances de r\u00e9ussir. Le pilote de la voiture n\u00b010 aurait d\u00fb faire preuve de plus de prudence en tentant une telle man\u0153uvre et aurait d\u00fb anticiper le d\u00e9placement vers la droite de la voiture n\u00b022, comme cela s&rsquo;\u00e9tait produit lors des tours pr\u00e9c\u00e9dents.<\/p>\n<p>\u00ab\u00a0Nous avons \u00e9galement examin\u00e9 la t\u00e9l\u00e9m\u00e9trie de la voiture n\u00b010, qui montre un l\u00e9ger blocage des roues arri\u00e8re au freinage. Cela a contribu\u00e9 \u00e0 l&rsquo;incident en r\u00e9duisant l&rsquo;efficacit\u00e9 du freinage. Nous avons donc estim\u00e9 que le pilote de la voiture 10 \u00e9tait enti\u00e8rement ou principalement responsable de l&rsquo;accrochage. Nous avons aussi pris en compte le fait que la voiture n\u00b022 n&rsquo;a subi aucune cons\u00e9quence sportive imm\u00e9diate ou \u00e9vidente suite \u00e0 cet incident. En revanche, c&rsquo;est la voiture n\u00b010 qui a \u00e9t\u00e9 significativement impact\u00e9e par la collision.\u00a0\u00bb<\/p>\n<p>En s&rsquo;appuyant sur cette analyse, les commissaires ont d\u00e9cid\u00e9 d&rsquo;infliger un r\u00e9primande \u00e0 Pierre Gasly, la premi\u00e8re de la saison pour le Fran\u00e7ais.<\/p>\n<p>Lire aussi :<\/p>\n<p>Dans cet article<\/p>\n<p>    Basile Davoine\n<\/p>\n<p>    Formule 1\n<\/p>\n<p>    Pierre Gasly\n<\/p>\n<p>    Yuki Tsunoda\n<\/p>\n<p>    Red Bull\n<\/p>\n<p>    Alpine\n<\/p>\n<p>Soyez le premier inform\u00e9 et souscrivez aux alertes mails pour recevoir les infos en temps r\u00e9el<\/p>\n<p>    S&rsquo;abonner aux alertes de news<\/p>\n","protected":false},"excerpt":{"rendered":"Pour Pierre Gasly, le Grand Prix de Monaco 2025 est \u00e0 oublier. Pour Yuki Tsunoda aussi. Les deux&hellip;\n","protected":false},"author":2,"featured_media":127451,"comment_status":"","ping_status":"","sticky":false,"template":"","format":"standard","meta":{"footnotes":""},"categories":[1412],"tags":[2674,1451,1452,1453,1454,1455,1011,27,23310,5386,2248,2255,60,2247],"class_list":{"0":"post-127450","1":"post","2":"type-post","3":"status-publish","4":"format-standard","5":"has-post-thumbnail","7":"category-f1","8":"tag-alpine","9":"tag-f1","10":"tag-formula-1","11":"tag-formula1","12":"tag-formule-1","13":"tag-formule1","14":"tag-fr","15":"tag-france","16":"tag-gp-de-monaco","17":"tag-monte-carlo","18":"tag-pierre-gasly","19":"tag-red-bull","20":"tag-sports","21":"tag-yuki-tsunoda"},"share_on_mastodon":{"url":"https:\/\/pubeurope.com\/@fr\/114569698597683789","error":""},"_links":{"self":[{"href":"https:\/\/www.europesays.com\/fr\/wp-json\/wp\/v2\/posts\/127450","targetHints":{"allow":["GET"]}}],"collection":[{"href":"https:\/\/www.europesays.com\/fr\/wp-json\/wp\/v2\/posts"}],"about":[{"href":"https:\/\/www.europesays.com\/fr\/wp-json\/wp\/v2\/types\/post"}],"author":[{"embeddable":true,"href":"https:\/\/www.europesays.com\/fr\/wp-json\/wp\/v2\/users\/2"}],"replies":[{"embeddable":true,"href":"https:\/\/www.europesays.com\/fr\/wp-json\/wp\/v2\/comments?post=127450"}],"version-history":[{"count":0,"href":"https:\/\/www.europesays.com\/fr\/wp-json\/wp\/v2\/posts\/127450\/revisions"}],"wp:featuredmedia":[{"embeddable":true,"href":"https:\/\/www.europesays.com\/fr\/wp-json\/wp\/v2\/media\/127451"}],"wp:attachment":[{"href":"https:\/\/www.europesays.com\/fr\/wp-json\/wp\/v2\/media?parent=127450"}],"wp:term":[{"taxonomy":"category","embeddable":true,"href":"https:\/\/www.europesays.com\/fr\/wp-json\/wp\/v2\/categories?post=127450"},{"taxonomy":"post_tag","embeddable":true,"href":"https:\/\/www.europesays.com\/fr\/wp-json\/wp\/v2\/tags?post=127450"}],"curies":[{"name":"wp","href":"https:\/\/api.w.org\/{rel}","templated":true}]}}