{"id":127462,"date":"2025-05-25T17:45:13","date_gmt":"2025-05-25T17:45:13","guid":{"rendered":"https:\/\/www.europesays.com\/fr\/127462\/"},"modified":"2025-05-25T17:45:13","modified_gmt":"2025-05-25T17:45:13","slug":"lol-qui-rit-sort-le-casting-de-la-saison-speciale-devoile-michou-et-clara-luciani-debarquent-dans-le-jeu","status":"publish","type":"post","link":"https:\/\/www.europesays.com\/fr\/127462\/","title":{"rendered":"LOL, qui rit, sort ! Le casting de la saison sp\u00e9ciale d\u00e9voil\u00e9, Michou et Clara Luciani d\u00e9barquent dans le jeu"},"content":{"rendered":"<p>Avis aux fans de LOL, qui rit, sort ! Prime Video vient d&rsquo;annoncer le casting de la nouvelle saison sp\u00e9ciale, intitul\u00e9e LOL in Real Life, avec un concept quelque peu remani\u00e9.<\/p>\n<p>Depuis 2021, <a href=\"https:\/\/www.programme-tv.net\/news\/tv\/377590-lol-qui-rit-sort-saison-5-on-est-sur-du-jamais-vu-philippe-lacheau-bluffe-par-la-resistance-des-candidats\/\" data-api-deeplink=\"teleloisirs:\/\/news\/377590\" target=\"_blank\" rel=\"noopener\">Philippe Lacheau anime LOL qui rit : sort !<\/a>, la version fran\u00e7aise d&rsquo;un concept japonais d\u00e9clin\u00e9 dans de nombreux pays. Le principe du programme en plusieurs \u00e9pisodes est simple : des stars enferm\u00e9es dans un loft pendant six heures doivent user de toutes les techniques et fourberies pour faire rire leurs camarades sans rire eux-m\u00eames, <a href=\"https:\/\/www.programme-tv.net\/news\/tv\/365489-lol-qui-rit-sort-apres-le-depart-fracassant-de-muriel-robin-le-patron-d-endemol-sort-du-silence-et-revele-si-elle-sera-dans-l-emission\/\" data-api-deeplink=\"teleloisirs:\/\/news\/365489\" target=\"_blank\" rel=\"noopener\">au risque de se faire \u00e9liminer<\/a>. En cinq saisons, de nombreuses personnalit\u00e9s du cin\u00e9ma, de la t\u00e9l\u00e9 et de l&rsquo;humour se sont pr\u00eat\u00e9es au jeu d\u00e9lirant pour Prime Video, notamment <a href=\"https:\/\/www.programme-tv.net\/biographie\/9561-lamy-alexandra\/\" data-link-people=\"38b1cbc3-91ed-427a-b8de-65ebfc2167a4\" target=\"_blank\" rel=\"noopener\">Alexandra Lamy<\/a>, <a href=\"https:\/\/www.programme-tv.net\/biographie\/206466-khojandi-kyan\/\" data-link-people=\"528b08fa-6746-4efb-bcbb-cd06309eacf9\" target=\"_blank\" rel=\"noopener\">Kyan Khojandi<\/a>, In\u00e8s Reg, <a href=\"https:\/\/www.programme-tv.net\/biographie\/291665-pascot-panayotis\/\" data-link-people=\"c2afbf07-2880-4901-859d-bda19f0f7c6a\" target=\"_blank\" rel=\"noopener\">Panayotis Pascot<\/a>, <a href=\"https:\/\/www.programme-tv.net\/biographie\/123715-cohen-jonathan\/\" data-link-people=\"6878649d-f60b-464a-a4fc-ae0698907b58\" target=\"_blank\" rel=\"noopener\">Jonathan Cohen<\/a> ou encore Pierre Niney et Paul Mirabel.<\/p>\n<p>Le casting de LOL : in real life d\u00e9voil\u00e9<\/p>\n<p>Alors que <a href=\"https:\/\/www.programme-tv.net\/news\/series-tv\/377528-lol-qui-rit-sort-qui-a-gagne-la-saison-5\/\" data-api-deeplink=\"teleloisirs:\/\/news\/377528\" target=\"_blank\" rel=\"noopener\">la cinqui\u00e8me saison a r\u00e9uni Vincent Dedienne, J\u00e9r\u00f4me Niel ou encore Muriel Robin et Marina Rollman<\/a>, la plateforme de SVOD a annonc\u00e9, ce dimanche 25 mai 2025, le casting de son spin-off intitul\u00e9 LOL : in real life. Pour cette nouvelle saison sp\u00e9ciale, le concept a \u00e9t\u00e9 quelque peu remani\u00e9. Ce n&rsquo;est plus dans un studio de t\u00e9l\u00e9vision en r\u00e9gion parisienne que les participants doivent se r\u00e9unir, mais dans un lieu public (des cin\u00e9mas, supermarch\u00e9s, mus\u00e9es et halls d&rsquo;a\u00e9roport&#8230;), o\u00f9 ils auront la mission de faire rire des passants anonymes. Si l&rsquo;on connaissait depuis plusieurs mois la nouvelle r\u00e8gle du jeu, on d\u00e9couvre aujourd&rsquo;hui le casting de candidats : Redouane Bougheraba, Paola Locatelli, <a href=\"https:\/\/www.programme-tv.net\/biographie\/5794-dubosc-franck\/\" data-link-people=\"31a21869-b574-4cd3-a5e6-84272096a838\" target=\"_blank\" rel=\"noopener\">Franck Dubosc<\/a>, Clara Luciani et Michou <a href=\"https:\/\/www.programme-tv.net\/news\/tv\/375761-lol-qui-rit-sort-philippe-lacheau-devoile-les-nouveautes-de-la-saison-5-et-il-y-a-un-grand-changement-concernant-la-finale\/\" data-api-deeplink=\"teleloisirs:\/\/news\/375761\" target=\"_blank\" rel=\"noopener\">avec, toujours en chef d&rsquo;orchestre, Philippe Lacheau !<\/a><\/p>\n<p>                        LOL : in real life : pas de date de lancement annonc\u00e9e<\/p>\n<p>Film\u00e9es en cam\u00e9ra cach\u00e9e, les cinq c\u00e9l\u00e9brit\u00e9s de ce spin-off devront prouver leur talent comique pour faire rire celles et ceux qu&rsquo;elles croiseront dans l&rsquo;a\u00e9roport, leur terrain de jeu ! \u00c0 noter qu&rsquo;\u00e9videmment, les passants ne sont pas au courant de l&rsquo;exp\u00e9rience\u2026 Pendant les six heures de tournage, chaque rire permet d&rsquo;engranger des points et les deux candidats les plus performants se retrouveront en finale. \u00ab\u00a0Bienvenue dans une version de LOL : Qui rit sort pas comme les autres : LOL in Real Life disponible bient\u00f4t sur Prime Video\u00a0\u00bb, peut-on lire dans un communiqu\u00e9 sur Instagram, qui ne pr\u00e9cise toutefois pas la date officielle de lancement.<\/p>\n<blockquote class=\"instagram-media\" data-instgrm-captioned=\"\" data-instgrm-permalink=\"https:\/\/www.instagram.com\/p\/DKEdBEWtfv9\/?utm_source=ig_embed&amp;utm_campaign=loading\" data-instgrm-version=\"14\" style=\" background:#FFF; border:0; border-radius:3px; box-shadow:0 0 1px 0 rgba(0,0,0,0.5),0 1px 10px 0 rgba(0,0,0,0.15); margin: 1px; max-width:658px; min-width:326px; padding:0; width:99.375%; width:-webkit-calc(100% - 2px); width:calc(100% - 2px);\"\/>\n<p>        <script async src=\"\/\/www.instagram.com\/embed.js\"><\/script><\/p>\n","protected":false},"excerpt":{"rendered":"Avis aux fans de LOL, qui rit, sort ! Prime Video vient d&rsquo;annoncer le casting de la nouvelle&hellip;\n","protected":false},"author":2,"featured_media":127463,"comment_status":"","ping_status":"","sticky":false,"template":"","format":"standard","meta":{"footnotes":""},"categories":[1356],"tags":[22007,244,58,59,1011,27,10921,23821,10395,4102,6569,4496,129,252,1364],"class_list":{"0":"post-127462","1":"post","2":"type-post","3":"status-publish","4":"format-standard","5":"has-post-thumbnail","7":"category-television","8":"tag-clara-luciani","9":"tag-commentaire","10":"tag-divertissement","11":"tag-entertainment","12":"tag-fr","13":"tag-france","14":"tag-lol-qui-rit","15":"tag-michou-youtubeur","16":"tag-pub-streaming","17":"tag-sort","18":"tag-streamers","19":"tag-superstream","20":"tag-svod","21":"tag-television","22":"tag-tv"},"share_on_mastodon":{"url":"https:\/\/pubeurope.com\/@fr\/114569722267694335","error":""},"_links":{"self":[{"href":"https:\/\/www.europesays.com\/fr\/wp-json\/wp\/v2\/posts\/127462","targetHints":{"allow":["GET"]}}],"collection":[{"href":"https:\/\/www.europesays.com\/fr\/wp-json\/wp\/v2\/posts"}],"about":[{"href":"https:\/\/www.europesays.com\/fr\/wp-json\/wp\/v2\/types\/post"}],"author":[{"embeddable":true,"href":"https:\/\/www.europesays.com\/fr\/wp-json\/wp\/v2\/users\/2"}],"replies":[{"embeddable":true,"href":"https:\/\/www.europesays.com\/fr\/wp-json\/wp\/v2\/comments?post=127462"}],"version-history":[{"count":0,"href":"https:\/\/www.europesays.com\/fr\/wp-json\/wp\/v2\/posts\/127462\/revisions"}],"wp:featuredmedia":[{"embeddable":true,"href":"https:\/\/www.europesays.com\/fr\/wp-json\/wp\/v2\/media\/127463"}],"wp:attachment":[{"href":"https:\/\/www.europesays.com\/fr\/wp-json\/wp\/v2\/media?parent=127462"}],"wp:term":[{"taxonomy":"category","embeddable":true,"href":"https:\/\/www.europesays.com\/fr\/wp-json\/wp\/v2\/categories?post=127462"},{"taxonomy":"post_tag","embeddable":true,"href":"https:\/\/www.europesays.com\/fr\/wp-json\/wp\/v2\/tags?post=127462"}],"curies":[{"name":"wp","href":"https:\/\/api.w.org\/{rel}","templated":true}]}}