{"id":127468,"date":"2025-05-25T17:48:07","date_gmt":"2025-05-25T17:48:07","guid":{"rendered":"https:\/\/www.europesays.com\/fr\/127468\/"},"modified":"2025-05-25T17:48:07","modified_gmt":"2025-05-25T17:48:07","slug":"mutation-genetique-et-don-de-sperme-comment-un-homme-a-massivement-transmis-une-predisposition-au-cancer-le-parisien","status":"publish","type":"post","link":"https:\/\/www.europesays.com\/fr\/127468\/","title":{"rendered":"Mutation g\u00e9n\u00e9tique et don de sperme : comment un homme a massivement transmis une pr\u00e9disposition au cancer &#8211; Le Parisien"},"content":{"rendered":"<ol>\n<li><a href=\"https:\/\/news.google.com\/rss\/articles\/CBMilAJBVV95cUxQMzZLaF8zYmVBNmo2TGdaVWZueVotU0V4NzdnT1RrRWZ2bVNlZ3FNT0pHY25hTnJ1TXN4aXptTV9BSVZkaG9ic0tZQi00R0hnNUFlTDFQT1hBbjR3N3FvczQzc1FXVGNyQ2tDWG84R2ZHT0dMTU54cGhqampKRjB2TDRuTkdJYzNNa0NpNXVPdkhfYWRPekxiZjRGcnAzNEd4NGVKQnlsV1VnSENCME1kZUVMRk1mQmxjbHg2T3NySDRCZ1ZUZktlZVlGZ0J1T3hZSW9yQWZGZFN3d21vcnBkWTkxLXlMUUM4Y3E2LTRoMkpPYzNmaU5QLTVRLWtvU2YzS1lkZlNKbWFtRGJnZkdmc1RYdmI?oc=5\" target=\"_blank\" rel=\"noopener\">Mutation g\u00e9n\u00e9tique et don de sperme : comment un homme a massivement transmis une pr\u00e9disposition au cancer<\/a>&nbsp;&nbsp;Le Parisien<\/li>\n<li><a href=\"https:\/\/news.google.com\/rss\/articles\/CBMi7AFBVV95cUxNeFA4Z2x3LUJ2LW9pcE9VRWFlVndtdThQUExPMkJaZnRPTVFybm8zeGpQcFJ1TWpGWDBmd0pib3c2bGwzVENYcEVLOWUzTjN3OGk2alRuZnYwZ3FaaVVsR09XZERlWjNFWDJPaFJ6MENmNklaQmRxQm40Y2ZBOW1ralFJTFZaTEJyc01TTVFBV1NSRWlTMDRDZ2hQemx2MXRKOHZ4VmVvLUQ5MUVJbjMwVkhPMGFvSTVaMmZfaGljdzliM1EycFI1LWR0N3p2YzNrd09teTkteklJOUpRM1hMV29EUU43WE5DWDRMMw?oc=5\" target=\"_blank\" rel=\"noopener\">En donnant son sperme, un homme transmet \u00e0 des dizaines d\u2019enfants un g\u00e8ne rare pouvant d\u00e9clencher des cancers<\/a>&nbsp;&nbsp;ladepeche.fr<\/li>\n<li><a href=\"https:\/\/news.google.com\/rss\/articles\/CBMi9AFBVV95cUxNMjVDbF9GRXh3X19ZVjZUTWJFNTRMTC1NT1RmbFQ1WDVfdjlLa0h0cEdiOFRVRzRnaUZEelZyRTBUV1diWkVJdFVuLUVIMTFta0pnTXR6SUNlRnM2TVpIaTRjR1VIWTlfdnBaNi0xY2hUSTJUZGRseFF0U3BZZ2JGWi12c1FqbjhvcmtoeWkyWVM0dXBQWlZDN1BoOGZfM1FJdmJOckZ2NlcwM3paamI1N1Jpalhob1dDekVLeUFRNi1rR3VIeWo3SWFfLU9HdUtDNm1scGFRNUpJck4tZGE5YTdXbkdENFB4eTl5UWhnay1tNlRN?oc=5\" target=\"_blank\" rel=\"noopener\">Comment un donneur de sperme a transmis un g\u00e8ne pr\u00e9disposant au cancer \u00e0 des dizaines d\u2019enfants en Europe<\/a>&nbsp;&nbsp;Le Figaro Sant\u00e9<\/li>\n<li><a href=\"https:\/\/news.google.com\/rss\/articles\/CBMiywFBVV95cUxNUXRqQTZ6TzhwZDhuWm93VE9QTS1Md3dhbzhkQ2xzM2J3QllSLWNZVGpTR0Z6bkQzOW1icG9iU3l2Q3NmWkoyMldZcmp0Z1g3aUVIYnZkbUJ4bE45SzJlaUVPMi1IYUNVeFRGNmFqeXNubkJGam5uSmhTQ09CRW5UdldVTVRuYzd0N1ZsLURTeVN6MUJQcHVMZ2d4Q0FOMmlzZzNvZTI4MHBzZnBKczRWU2Z1VWszZlZReGhLaHNSLV8xa2l3S0pqeGlKTQ?oc=5\" target=\"_blank\" rel=\"noopener\">En donnant son sperme, cet homme a provoqu\u00e9 une v\u00e9ritable catastrophe sanitaire : 23 enfants sont touch\u00e9s et 10 souffrent d\u00e9j\u00e0 d\u2019un cancer&#8230;<\/a>&nbsp;&nbsp;Sudinfo<\/li>\n<li><a href=\"https:\/\/news.google.com\/rss\/articles\/CBMi8gFBVV95cUxOTmhMU29WOHNkMWRySC1GQTFQTzdDQ202U3dNSU5MRUtpT0RvYWJpT3phNUtiaXp5UlRYWnVXemJoQll0XzFvLWJKUTlteS13V2lhcExUVVI1SEluMXBsRG1Ka2xfNmZzTGJ4Y2J6S0pmY3kxQVRiUVFfSGdFME9NQmp3SlhpRy04ci1LQmIzX1ZEbVFNRFNwSHpFb2lBUF9uMFUxT2pBT1RzeExYZ3pXT2tZRC0tQzIxUHJFNjBqY1VCOUl3WGR1YmpXeEpqeEZUdjVNNDFZQXVqTjE1eFJISVI3b3NhS05pQ3JzRVhFSlpVUQ?oc=5\" target=\"_blank\" rel=\"noopener\">Un donneur de sperme transmet un g\u00e8ne rare \u00e0 une vingtaine d&rsquo;enfants, 10 sont diagnostiqu\u00e9s d&rsquo;un cancer pr\u00e9coce<\/a>&nbsp;&nbsp;TF1 Info<\/li>\n<\/ol>\n","protected":false},"excerpt":{"rendered":"Mutation g\u00e9n\u00e9tique et don de sperme : comment un homme a massivement transmis une pr\u00e9disposition au cancer&nbsp;&nbsp;Le Parisien&hellip;\n","protected":false},"author":2,"featured_media":127469,"comment_status":"","ping_status":"","sticky":false,"template":"","format":"standard","meta":{"footnotes":""},"categories":[10],"tags":[1011,27,3746,72,71,104],"class_list":{"0":"post-127468","1":"post","2":"type-post","3":"status-publish","4":"format-standard","5":"has-post-thumbnail","7":"category-sante","8":"tag-fr","9":"tag-france","10":"tag-futurs","11":"tag-health","12":"tag-sante","13":"tag-societe"},"share_on_mastodon":{"url":"https:\/\/pubeurope.com\/@fr\/114569734205772474","error":""},"_links":{"self":[{"href":"https:\/\/www.europesays.com\/fr\/wp-json\/wp\/v2\/posts\/127468","targetHints":{"allow":["GET"]}}],"collection":[{"href":"https:\/\/www.europesays.com\/fr\/wp-json\/wp\/v2\/posts"}],"about":[{"href":"https:\/\/www.europesays.com\/fr\/wp-json\/wp\/v2\/types\/post"}],"author":[{"embeddable":true,"href":"https:\/\/www.europesays.com\/fr\/wp-json\/wp\/v2\/users\/2"}],"replies":[{"embeddable":true,"href":"https:\/\/www.europesays.com\/fr\/wp-json\/wp\/v2\/comments?post=127468"}],"version-history":[{"count":0,"href":"https:\/\/www.europesays.com\/fr\/wp-json\/wp\/v2\/posts\/127468\/revisions"}],"wp:featuredmedia":[{"embeddable":true,"href":"https:\/\/www.europesays.com\/fr\/wp-json\/wp\/v2\/media\/127469"}],"wp:attachment":[{"href":"https:\/\/www.europesays.com\/fr\/wp-json\/wp\/v2\/media?parent=127468"}],"wp:term":[{"taxonomy":"category","embeddable":true,"href":"https:\/\/www.europesays.com\/fr\/wp-json\/wp\/v2\/categories?post=127468"},{"taxonomy":"post_tag","embeddable":true,"href":"https:\/\/www.europesays.com\/fr\/wp-json\/wp\/v2\/tags?post=127468"}],"curies":[{"name":"wp","href":"https:\/\/api.w.org\/{rel}","templated":true}]}}