{"id":127475,"date":"2025-05-25T17:52:12","date_gmt":"2025-05-25T17:52:12","guid":{"rendered":"https:\/\/www.europesays.com\/fr\/127475\/"},"modified":"2025-05-25T17:52:12","modified_gmt":"2025-05-25T17:52:12","slug":"pourquoi-les-droits-de-douane-de-donald-trump-risquent-daccelerer-la-desindustrialisation-americaine","status":"publish","type":"post","link":"https:\/\/www.europesays.com\/fr\/127475\/","title":{"rendered":"\u00ab\u00a0Pourquoi les droits de douane de Donald Trump risquent d\u2019acc\u00e9l\u00e9rer la d\u00e9sindustrialisation am\u00e9ricaine\u00a0\u00bb"},"content":{"rendered":"<p><strong>CHRONIQUE &#8211;<\/strong> D\u00e9ficits commerciaux et d\u00e9sindustrialisation ne sont pas aussi \u00e9troitement corr\u00e9l\u00e9s que semble le croire l\u2019Administration Trump. L\u2019histoire r\u00e9cente fran\u00e7aise le d\u00e9montre bien.<\/p>\n<p class=\"fig-paragraph\">\u00ab\u00a0Il est temps pour nous de mettre fin \u00e0 notre \u00e9norme d\u00e9ficit en faisant payer le Japon et ceux qui en ont les moyens. Notre protection du monde repr\u00e9sente des centaines de milliards de dollars pour ces pays, et leur int\u00e9r\u00eat dans cette protection est bien plus grand que le n\u00f4tre.\u00a0\u00bb M\u00eame si\u00a0<a href=\"http:\/\/www.lefigaro.fr\/international\/trump-de-retour-a-la-maison-blanche-les-cent-jours-qui-ont-ebranle-le-monde-20250428\" data-fig-type=\"Article\" data-gtm-custom-categorie=\"navigation\" data-gtm-custom-action=\"crossclick\" data-gtm-custom-label=\"Contextuel\" data-gtm-event=\"customEventSPE\" data-fig-domain=\"LEFIGARO\" target=\"_blank\" rel=\"noopener\">les \u00e9chos qui \u00e9manent de Washington<\/a>\u00a0depuis janvier ne plaident pas toujours en ce sens, Donald Trump a bien de la suite dans les id\u00e9es. Il avait publi\u00e9, \u00e0 ses frais, dans le New York Times du 2\u00a0septembre 1987, ce vibrant appel \u00e0 l\u2019isolationnisme. Personnalit\u00e9 m\u00e9diatique des affaires, le magnat de l\u2019immobilier r\u00e9fl\u00e9chissait alors, au terme du second mandat de Ronald Reagan, \u00e0 se positionner pour les primaires du Parti r\u00e9publicain de 1988.<\/p>\n<p class=\"fig-paragraph\">Apr\u00e8s avoir repouss\u00e9 de quelques ann\u00e9es son projet pr\u00e9sidentiel, l\u2019ancien homme d\u2019affaires a fini par emm\u00e9nager \u00e0 la Maison-Blanche avec, dans ses valises, cette vieille obsession\u00a0<a href=\"http:\/\/www.lefigaro.fr\/conjoncture\/pourquoi-la-guerre-commerciale-de-donald-trump-pourrait-etre-jugee-illegale-20250521\" data-fig-type=\"Article\" data-gtm-custom-categorie=\"navigation\" data-gtm-custom-action=\"crossclick\" data-gtm-custom-label=\"Contextuel\" data-gtm-event=\"customEventSPE\" data-fig-domain=\"LEFIGARO\" target=\"_blank\" rel=\"noopener\">contre les d\u00e9ficits commerciaux<\/a>. Il en a m\u00eame fait l\u2019axe principal de la politique \u00e9conomique de son nouveau mandat. Sa vision, partag\u00e9e par de nombreux d\u00e9fenseurs du protectionnisme, repose sur des hypoth\u00e8ses assez simples\u00a0: si l\u2019ex\u00e9cutif parvient \u00e0 annuler les d\u00e9ficits avec les partenaires commerciaux des \u00c9tats-Unis, la production sur le sol am\u00e9ricain augmentera automatiquement et le pays s\u2019engagera sur la voie de la r\u00e9industrialisation. Que ce soit pour des raisons de souverainet\u00e9 nationale, de coh\u00e9sion sociale, de soutien \u00e0 l\u2019emploi ou encore\u2026<\/p>\n<p class=\"fig-premium-paywall__infos\">\n        Cet article est r\u00e9serv\u00e9 aux abonn\u00e9s.        Il vous reste 75% \u00e0 d\u00e9couvrir.\n    <\/p>\n<p>                <img  data- alt=\"Le Figaro\" class=\"fig-img--complete fig-img\"\/><\/p>\n<p class=\"fig-premium-paywall__title\">Vente Flash<\/p>\n<p class=\"fig-premium-paywall__subtitle\">4,99\u20ac par mois pendant 12 mois. Sans engagement.<\/p>\n<p class=\"fig-premium-paywall__connect\">\n                D\u00e9j\u00e0 abonn\u00e9\u00a0?                <a class=\"fig-premium-paywall__connect-link\" href=\"https:\/\/connect.lefigaro.fr\/login?client=horizon_web&amp;type=main&amp;redirect_uri=https%3A%2F%2Fwww.lefigaro.fr%2Fconjoncture%2Fanne-de-guigne-pourquoi-les-droits-de-douane-de-donald-trump-risquent-d-accelerer-la-desindustrialisation-americaine-20250525\" data-js-gtm=\"{&quot;customCategorie&quot;: &quot;conversion&quot;, &quot;customAction&quot;: &quot;before_Landing_Connexion_paywall_manuel&quot;, &quot;customLabel&quot;: &quot;bGVmaWdhcm8uZnJfXzFmMDM3MWVhLTk5YWYtNjU0Mi05YzQ5LTNmMTI4OTNhYWVlMl9fQXJ0aWNsZQ==_Anne de\u00a0Guign\u00e9\u00a0: \u00ab\u00a0Pourquoi les droits de douane de Donald Trump risquent d\u2019acc\u00e9l\u00e9rer la d\u00e9sindustrialisation am\u00e9ricaine\u00a0\u00bb_737&quot;, &quot;customIDSPE&quot;: &quot;bGVmaWdhcm8uZnJfXzFmMDM3MWVhLTk5YWYtNjU0Mi05YzQ5LTNmMTI4OTNhYWVlMl9fQXJ0aWNsZQ==&quot;, &quot;event&quot;: &quot;customEventSPE&quot;}\" target=\"_blank\" rel=\"noopener\"><br \/>\n                    Connectez-vous<br \/>\n                <\/a>\n            <\/p>\n","protected":false},"excerpt":{"rendered":"CHRONIQUE &#8211; D\u00e9ficits commerciaux et d\u00e9sindustrialisation ne sont pas aussi \u00e9troitement corr\u00e9l\u00e9s que semble le croire l\u2019Administration Trump.&hellip;\n","protected":false},"author":2,"featured_media":127476,"comment_status":"","ping_status":"","sticky":false,"template":"","format":"standard","meta":{"footnotes":""},"categories":[6],"tags":[339,340,35,343,345,350,130,344,352,349,33,34,341,313,73,1011,27,346,342,693,353,351,347,348,354],"class_list":{"0":"post-127475","1":"post","2":"type-post","3":"status-publish","4":"format-standard","5":"has-post-thumbnail","7":"category-economie","8":"tag-actualite-economique","9":"tag-bourse","10":"tag-business","11":"tag-cac-40","12":"tag-chef-dentreprise","13":"tag-concurrence","14":"tag-consommation","15":"tag-creation-dentreprise","16":"tag-crise","17":"tag-delocalisations","18":"tag-economie","19":"tag-economy","20":"tag-emploi","21":"tag-entreprises","22":"tag-etats-unis","23":"tag-fr","24":"tag-france","25":"tag-grands-patrons","26":"tag-impots","27":"tag-industrie","28":"tag-licenciements","29":"tag-monopole","30":"tag-multinationales","31":"tag-privatisation","32":"tag-unio"},"share_on_mastodon":{"url":"https:\/\/pubeurope.com\/@fr\/114569749743860325","error":""},"_links":{"self":[{"href":"https:\/\/www.europesays.com\/fr\/wp-json\/wp\/v2\/posts\/127475","targetHints":{"allow":["GET"]}}],"collection":[{"href":"https:\/\/www.europesays.com\/fr\/wp-json\/wp\/v2\/posts"}],"about":[{"href":"https:\/\/www.europesays.com\/fr\/wp-json\/wp\/v2\/types\/post"}],"author":[{"embeddable":true,"href":"https:\/\/www.europesays.com\/fr\/wp-json\/wp\/v2\/users\/2"}],"replies":[{"embeddable":true,"href":"https:\/\/www.europesays.com\/fr\/wp-json\/wp\/v2\/comments?post=127475"}],"version-history":[{"count":0,"href":"https:\/\/www.europesays.com\/fr\/wp-json\/wp\/v2\/posts\/127475\/revisions"}],"wp:featuredmedia":[{"embeddable":true,"href":"https:\/\/www.europesays.com\/fr\/wp-json\/wp\/v2\/media\/127476"}],"wp:attachment":[{"href":"https:\/\/www.europesays.com\/fr\/wp-json\/wp\/v2\/media?parent=127475"}],"wp:term":[{"taxonomy":"category","embeddable":true,"href":"https:\/\/www.europesays.com\/fr\/wp-json\/wp\/v2\/categories?post=127475"},{"taxonomy":"post_tag","embeddable":true,"href":"https:\/\/www.europesays.com\/fr\/wp-json\/wp\/v2\/tags?post=127475"}],"curies":[{"name":"wp","href":"https:\/\/api.w.org\/{rel}","templated":true}]}}