{"id":127479,"date":"2025-05-25T17:54:09","date_gmt":"2025-05-25T17:54:09","guid":{"rendered":"https:\/\/www.europesays.com\/fr\/127479\/"},"modified":"2025-05-25T17:54:09","modified_gmt":"2025-05-25T17:54:09","slug":"manuel-bompard-lfi-ferme-la-porte-a-une-primaire-de-la-gauche","status":"publish","type":"post","link":"https:\/\/www.europesays.com\/fr\/127479\/","title":{"rendered":"Manuel Bompard (LFI) ferme la porte \u00e0 une primaire de la gauche"},"content":{"rendered":"<p>Invit\u00e9 ce dimanche du \u00ab\u00a0Grand Jury RTL-Le Figaro-M6-Public S\u00e9nat\u00a0\u00bb, le coordinateur de La France insoumise assure que son mouvement fera une \u00ab\u00a0proposition de candidature\u00a0\u00bb au reste de la gauche.<\/p>\n<p class=\"fig-paragraph\"><a href=\"http:\/\/www.lefigaro.fr\/politique\/apres-le-complot-juif-des-annees-30-voici-le-complot-musulman-melenchon-etrille-encore-le-rapport-sur-les-freres-musulmans-20250522\" data-fig-type=\"NewsFlash\" data-gtm-custom-categorie=\"navigation\" data-gtm-custom-action=\"crossclick\" data-gtm-custom-label=\"Contextuel\" data-gtm-event=\"customEventSPE\" data-fig-domain=\"LEFIGARO\" target=\"_blank\" rel=\"noopener\">Jean-Luc M\u00e9lenchon<\/a>\u00a0pourrait-il, dans l\u2019optique de 2027, accepter de se soumettre \u00e0 une primaire\u00a0? Quelques jours apr\u00e8s que l\u2019id\u00e9e a \u00e9t\u00e9 mise sur la table par le d\u00e9put\u00e9 (ex-Insoumis)\u00a0<a href=\"http:\/\/www.lefigaro.fr\/politique\/de-poutou-a-hollande-pour-2027-ruffin-veut-lancer-une-primaire-de-la-gauche-et-compte-la-gagner-20250520\" data-fig-type=\"NewsFlash\" data-gtm-custom-categorie=\"navigation\" data-gtm-custom-action=\"crossclick\" data-gtm-custom-label=\"Contextuel\" data-gtm-event=\"customEventSPE\" data-fig-domain=\"LEFIGARO\" target=\"_blank\" rel=\"noopener\">Fran\u00e7ois Ruffin<\/a>\u00a0&#8211; qui plaide pour un large processus de d\u00e9signation \u00e0 gauche allant de Philippe Poutou (NPA) \u00e0\u00a0<a href=\"http:\/\/www.lefigaro.fr\/politique\/il-y-a-un-espace-qui-s-ouvre-en-ardeche-francois-hollande-rode-sa-future-campagne-20250523\" data-fig-type=\"Article\" data-gtm-custom-categorie=\"navigation\" data-gtm-custom-action=\"crossclick\" data-gtm-custom-label=\"Contextuel\" data-gtm-event=\"customEventSPE\" data-fig-domain=\"LEFIGARO\" target=\"_blank\" rel=\"noopener\">Fran\u00e7ois Hollande<\/a>\u00a0&#8211; les principaux int\u00e9ress\u00e9s ne montrent gu\u00e8re d\u2019enthousiasme. Si l\u2019initiative vise \u00e0 d\u00e9signer un candidat commun de la gauche d\u00e8s le premier tour de la pr\u00e9sidentielle, et donc \u00e0 \u00e9viter un \u00e9parpillement des voix qui priverait, une fois de plus, cette famille politique de la finale \u00e9lys\u00e9enne, elle est d\u2019entr\u00e9e de jeu rejet\u00e9e par l\u2019Insoumis Manuel Bompard.<\/p>\n<p class=\"fig-paragraph\">Invit\u00e9 ce dimanche du \u00ab\u00a0Grand Jury RTL-Le Figaro-M6-Public S\u00e9nat\u00a0\u00bb, le coordinateur de LFI a dit \u00ab\u00a0refuser de prendre les gens pour des imb\u00e9ciles\u00a0\u00bb. \u00ab\u00a0Si je disais qu\u2019on va participer \u00e0 une primaire et qu\u2019\u00e0 la fin, c\u2019est Fran\u00e7ois Hollande qui gagne, je ne vais pas faire (sa) campagne pr\u00e9sidentielle, je suis en d\u00e9saccord\u2026<\/p>\n<p class=\"fig-premium-paywall__infos\">\n        Cet article est r\u00e9serv\u00e9 aux abonn\u00e9s.        Il vous reste 68% \u00e0 d\u00e9couvrir.\n    <\/p>\n<p>                <img  data- alt=\"Le Figaro\" class=\"fig-img--complete fig-img\"\/><\/p>\n<p class=\"fig-premium-paywall__title\">Vente Flash<\/p>\n<p class=\"fig-premium-paywall__subtitle\">4,99\u20ac par mois pendant 12 mois. Sans engagement.<\/p>\n<p class=\"fig-premium-paywall__connect\">\n                D\u00e9j\u00e0 abonn\u00e9\u00a0?                <a class=\"fig-premium-paywall__connect-link\" href=\"https:\/\/connect.lefigaro.fr\/login?client=horizon_web&amp;type=main&amp;redirect_uri=https%3A%2F%2Fwww.lefigaro.fr%2Fpresidentielle-2027-manuel-bompard-lfi-ferme-la-porte-a-une-primaire-de-la-gauche-20250525\" data-js-gtm=\"{&quot;customCategorie&quot;: &quot;conversion&quot;, &quot;customAction&quot;: &quot;before_Landing_Connexion_paywall_auto&quot;, &quot;customLabel&quot;: &quot;bGVmaWdhcm8uZnJfXzFmMDM5NGM1LTUxOGQtNjMyZS1hNDY2LTgxOWIxYWJjM2FlOV9fQXJ0aWNsZQ==_Pr\u00e9sidentielle 2027\u00a0: Manuel Bompard (LFI) ferme la porte \u00e0 une primaire de la gauche_329&quot;, &quot;customIDSPE&quot;: &quot;bGVmaWdhcm8uZnJfXzFmMDM5NGM1LTUxOGQtNjMyZS1hNDY2LTgxOWIxYWJjM2FlOV9fQXJ0aWNsZQ==&quot;, &quot;event&quot;: &quot;customEventSPE&quot;}\" target=\"_blank\" rel=\"noopener\"><br \/>\n                    Connectez-vous<br \/>\n                <\/a>\n            <\/p>\n","protected":false},"excerpt":{"rendered":"Invit\u00e9 ce dimanche du \u00ab\u00a0Grand Jury RTL-Le Figaro-M6-Public S\u00e9nat\u00a0\u00bb, le coordinateur de La France insoumise assure que son&hellip;\n","protected":false},"author":2,"featured_media":127480,"comment_status":"","ping_status":"","sticky":false,"template":"","format":"standard","meta":{"footnotes":""},"categories":[4],"tags":[328,47,3132,259,11,33,1011,27,418,1110,2338,17852,12,25,517,3131],"class_list":{"0":"post-127479","1":"post","2":"type-post","3":"status-publish","4":"format-standard","5":"has-post-thumbnail","7":"category-france","8":"tag-a-la-une","9":"tag-actualite","10":"tag-actualite-francaise","11":"tag-actualite-internationale","12":"tag-actualites","13":"tag-economie","14":"tag-fr","15":"tag-france","16":"tag-gouvernement","17":"tag-informations","18":"tag-la-france-insoumise","19":"tag-manuel-bompard","20":"tag-news","21":"tag-republique-francaise","22":"tag-sport","23":"tag-titres"},"share_on_mastodon":{"url":"https:\/\/pubeurope.com\/@fr\/114569757541109187","error":""},"_links":{"self":[{"href":"https:\/\/www.europesays.com\/fr\/wp-json\/wp\/v2\/posts\/127479","targetHints":{"allow":["GET"]}}],"collection":[{"href":"https:\/\/www.europesays.com\/fr\/wp-json\/wp\/v2\/posts"}],"about":[{"href":"https:\/\/www.europesays.com\/fr\/wp-json\/wp\/v2\/types\/post"}],"author":[{"embeddable":true,"href":"https:\/\/www.europesays.com\/fr\/wp-json\/wp\/v2\/users\/2"}],"replies":[{"embeddable":true,"href":"https:\/\/www.europesays.com\/fr\/wp-json\/wp\/v2\/comments?post=127479"}],"version-history":[{"count":0,"href":"https:\/\/www.europesays.com\/fr\/wp-json\/wp\/v2\/posts\/127479\/revisions"}],"wp:featuredmedia":[{"embeddable":true,"href":"https:\/\/www.europesays.com\/fr\/wp-json\/wp\/v2\/media\/127480"}],"wp:attachment":[{"href":"https:\/\/www.europesays.com\/fr\/wp-json\/wp\/v2\/media?parent=127479"}],"wp:term":[{"taxonomy":"category","embeddable":true,"href":"https:\/\/www.europesays.com\/fr\/wp-json\/wp\/v2\/categories?post=127479"},{"taxonomy":"post_tag","embeddable":true,"href":"https:\/\/www.europesays.com\/fr\/wp-json\/wp\/v2\/tags?post=127479"}],"curies":[{"name":"wp","href":"https:\/\/api.w.org\/{rel}","templated":true}]}}