{"id":127489,"date":"2025-05-25T18:02:35","date_gmt":"2025-05-25T18:02:35","guid":{"rendered":"https:\/\/www.europesays.com\/fr\/127489\/"},"modified":"2025-05-25T18:02:35","modified_gmt":"2025-05-25T18:02:35","slug":"lex-maire-de-toulon-hubert-falco-condamne-pour-injures-contre-un-journaliste-actualites","status":"publish","type":"post","link":"https:\/\/www.europesays.com\/fr\/127489\/","title":{"rendered":"L&rsquo;ex-maire de Toulon Hubert Falco condamn\u00e9 pour injures contre un journaliste : Actualit\u00e9s"},"content":{"rendered":"<p class=\"lead \">L&rsquo;ex-maire de Toulon Hubert Falco, d\u00e9mis de ses fonctions par la justice, a \u00e9t\u00e9 condamn\u00e9 vendredi \u00e0 une amende de 1.000 euros pour avoir insult\u00e9 et trait\u00e9 de \u00ab\u00a0chien galeux\u00a0\u00bb un journaliste collaborant pour Mediapart. <\/p>\n<p class=\"lead \">Le tribunal correctionnel de Toulon l&rsquo;a \u00e9galement condamn\u00e9 \u00e0 verser 1.000 euros de dommages et int\u00e9r\u00eats au journaliste Simon Fontvieille et 500 euros au Syndicat national des journalistes (SNJ), qui s&rsquo;\u00e9tait constitu\u00e9 partie civile.<\/p>\n<p class=\"lead \">\u00ab\u00a0C&rsquo;est une victoire pour la libert\u00e9 de la presse montrant que tout journaliste, quel qu&rsquo;il soit, doit pouvoir exercer son travail de fa\u00e7on libre et sereine au service des citoyens et de l&rsquo;int\u00e9r\u00eat g\u00e9n\u00e9ral\u00a0\u00bb, a r\u00e9agi le journaliste aupr\u00e8s de l&rsquo;AFP.<\/p>\n<p class=\"lead \">L&rsquo;avocat de l&rsquo;ex-\u00e9lu n&rsquo;\u00e9tait lui pas joignable dans l&rsquo;imm\u00e9diat.<\/p>\n<p class=\"lead \">Le proc\u00e8s s&rsquo;\u00e9tait tenu le 16 mai en l&rsquo;absence de l&rsquo;ex-baron de la politique varoise, ce qui fut \u00ab\u00a0fort dommage\u00a0\u00bb selon la pr\u00e9sidente.<\/p>\n<p class=\"lead \">Simon Fontvieille, journaliste de 34 ans, avait expliqu\u00e9 \u00e0 la barre les tentatives d'\u00a0\u00bbintimidation\u00a0\u00bb r\u00e9p\u00e9t\u00e9es de la part d&rsquo;Hubert Falco, \u00e0 qui il a consacr\u00e9 plusieurs enqu\u00eates.<\/p>\n<p class=\"lead \">Les faits jug\u00e9s concernaient un \u00e9pisode en marge d&rsquo;une c\u00e9r\u00e9monie publique c\u00e9l\u00e9brant les 79 ans de la lib\u00e9ration de Toulon en ao\u00fbt 2023.<\/p>\n<p class=\"lead \">Hubert Falco, qui n&rsquo;a alors plus de mandat, est pr\u00e9sent et le journaliste le prend en photo, comme d&rsquo;autres personnalit\u00e9s. <\/p>\n<p class=\"lead \">L&rsquo;ex-\u00e9lu, aujourd&rsquo;hui \u00e2g\u00e9 de 78 ans, lui lance alors: \u00ab\u00a0\u00e7a te g\u00eane que je sois l\u00e0 ?\u00a0\u00bb, le traitant d'\u00a0\u00bbesp\u00e8ce de chien\u00a0\u00bb, \u00ab\u00a0chien galeux\u00a0\u00bb.<\/p>\n<p class=\"lead \">\u00ab\u00a0Enfin M. Falco, +chien galeux+, pourquoi vous \u00eates aussi grossier ?\u00a0\u00bb, lui r\u00e9pond le journaliste.<\/p>\n<p class=\"lead \">Hubert Falco le traite alors de \u00ab\u00a0connard\u00a0\u00bb, ajoutant: \u00ab\u00a0Oui, je te le dis ! Ecris-le \u00e0 Mediapart que je t&rsquo;ai dit que tu \u00e9tais un connard\u00a0\u00bb.<\/p>\n<p class=\"lead \">Le 28 mai, une autre \u00e9ch\u00e9ance judiciaire cruciale attend Hubert Falco: la d\u00e9cision de la Cour de cassation sur sa peine de cinq ans d&rsquo;in\u00e9ligibilit\u00e9 imm\u00e9diate prononc\u00e9e en 2024 par la cour d&rsquo;appel d&rsquo;Aix-en-Provence dans un dossier de d\u00e9tournements de fonds publics, qu&rsquo;il conteste. Une d\u00e9cision dont d\u00e9pend son avenir politique, \u00e0 moins d&rsquo;un an des municipales.<\/p>\n<p class=\"small font-weight-bold text-gray3 \"> publi\u00e9 le 23 mai \u00e0 10h22, AFP<\/p>\n<p>                             Partager<\/p>\n","protected":false},"excerpt":{"rendered":"L&rsquo;ex-maire de Toulon Hubert Falco, d\u00e9mis de ses fonctions par la justice, a \u00e9t\u00e9 condamn\u00e9 vendredi \u00e0 une&hellip;\n","protected":false},"author":2,"featured_media":127490,"comment_status":"","ping_status":"","sticky":false,"template":"","format":"standard","meta":{"footnotes":""},"categories":[9619],"tags":[1111,11,4725,1777,674,1011,27,9555,12,316,4048,4780,882,25,2310],"class_list":{"0":"post-127489","1":"post","2":"type-post","3":"status-publish","4":"format-standard","5":"has-post-thumbnail","7":"category-toulon","8":"tag-actu","9":"tag-actualites","10":"tag-collectivits","11":"tag-eu","12":"tag-europe","13":"tag-fr","14":"tag-france","15":"tag-mdias","16":"tag-news","17":"tag-politique","18":"tag-presse","19":"tag-procs","20":"tag-provence-alpes-cote-dazur","21":"tag-republique-francaise","22":"tag-toulon"},"share_on_mastodon":{"url":"https:\/\/pubeurope.com\/@fr\/114569788997145891","error":""},"_links":{"self":[{"href":"https:\/\/www.europesays.com\/fr\/wp-json\/wp\/v2\/posts\/127489","targetHints":{"allow":["GET"]}}],"collection":[{"href":"https:\/\/www.europesays.com\/fr\/wp-json\/wp\/v2\/posts"}],"about":[{"href":"https:\/\/www.europesays.com\/fr\/wp-json\/wp\/v2\/types\/post"}],"author":[{"embeddable":true,"href":"https:\/\/www.europesays.com\/fr\/wp-json\/wp\/v2\/users\/2"}],"replies":[{"embeddable":true,"href":"https:\/\/www.europesays.com\/fr\/wp-json\/wp\/v2\/comments?post=127489"}],"version-history":[{"count":0,"href":"https:\/\/www.europesays.com\/fr\/wp-json\/wp\/v2\/posts\/127489\/revisions"}],"wp:featuredmedia":[{"embeddable":true,"href":"https:\/\/www.europesays.com\/fr\/wp-json\/wp\/v2\/media\/127490"}],"wp:attachment":[{"href":"https:\/\/www.europesays.com\/fr\/wp-json\/wp\/v2\/media?parent=127489"}],"wp:term":[{"taxonomy":"category","embeddable":true,"href":"https:\/\/www.europesays.com\/fr\/wp-json\/wp\/v2\/categories?post=127489"},{"taxonomy":"post_tag","embeddable":true,"href":"https:\/\/www.europesays.com\/fr\/wp-json\/wp\/v2\/tags?post=127489"}],"curies":[{"name":"wp","href":"https:\/\/api.w.org\/{rel}","templated":true}]}}