{"id":12749,"date":"2025-04-09T13:43:10","date_gmt":"2025-04-09T13:43:10","guid":{"rendered":"https:\/\/www.europesays.com\/fr\/12749\/"},"modified":"2025-04-09T13:43:10","modified_gmt":"2025-04-09T13:43:10","slug":"om-linter-repond-pour-henrique-maxifoot","status":"publish","type":"post","link":"https:\/\/www.europesays.com\/fr\/12749\/","title":{"rendered":"OM : l&#039;Inter r\u00e9pond pour Henrique &#8211; Maxifoot"},"content":{"rendered":"<ol>\n<li><a href=\"https:\/\/news.google.com\/rss\/articles\/CBMie0FVX3lxTE9CSTlaS3ZqeG9MTlZSZFFST3M0OWNjTFVYY0RzYlZXMjN2RjF5ZXRMemZyQlM5dU9NSlNsNjBDUi1adENLU19jQ2pORm8wNjNtdFdiYWMycDI5UXJsSUlLeWJHZFVTeHZjcUx6bDNRUzJJUHVoQXhOMmJ0Y9IBe0FVX3lxTE43Vk1uZE82WlU2T1FJQ3BtODY4dWpuOUQ4dV92MUh6TnlKYTZEbnBpdDRkcUZGRTlmRTZtdTZub1F0NXBjMnF4aUs2UjZfMnFfVU5rVkNSUEhDemhIVzdNWk5kOVFJaERFWlY5cWoxdGNwSUhzdzU3VElVaw?oc=5\" target=\"_blank\" rel=\"noopener\">OM : l&rsquo;Inter r\u00e9pond pour Henrique<\/a>&nbsp;&nbsp;Maxifoot<\/li>\n<li><a href=\"https:\/\/news.google.com\/rss\/articles\/CBMiowFBVV95cUxOYl9XelJ0bWw5ZC1FdWktc0tlenBFSk83WDJ0OXdHYmRVcDl2dmxXRnZ3WDhNcmgtNHBSSDBvS0pOSjlLVWlUc01hNWd1cms5T2tGSVZxOTlKcEdQME81NE01V2J1ck1uZDRaa0dreEptaGd4SjFHbG5RNlpLMkNva3JJNmU1d3pNOFgxeE00OGdiOVVBY1VhQ05YRVhaWDJ5VVlF?oc=5\" target=\"_blank\" rel=\"noopener\">Inter : Beppe Marotta r\u00e9pond \u00e0 la rumeur Luis Henrique<\/a>&nbsp;&nbsp;Foot Mercato<\/li>\n<li><a href=\"https:\/\/news.google.com\/rss\/articles\/CBMiowFBVV95cUxPTDNIcjdHbFRDSUZ6Y1I0cTJwTDVpd1hnR1lKRFRrcWFJd1Q4TGxZanBva0ZjU2xLWHI5bzBkeGdqUjJoUklKQnNrTmJlR01TYkYwUVl0ZVdENDZQVUtDREdla19wb1hhUnZtRXBVTHI4UEZfaHFyYlNpZW1CaHJPQWt3dzJWQ3JWYVY1WklvNUtkVWJkVHY3S3d5RDJXWFlWNEo0?oc=5\" target=\"_blank\" rel=\"noopener\">OM : Luis Henrique s&rsquo;en va, le patron de l&rsquo;Inter confirme<\/a>&nbsp;&nbsp;Foot01<\/li>\n<li><a href=\"https:\/\/news.google.com\/rss\/articles\/CBMilAJBVV95cUxOOGJRc1ItS3dFd1ItWF9rTnhyeGt3VXdNNk4xcmx0dUlsX2ItYWgxdm9qZTVTSVREY2ZHRjR6NGoyYUxEbzQwT2d5Wk5OZFVyMGlYcHpWR0tCN3dXdTVJVFlSQzNqMUM2ZDU3bTM1VGlGdGt2ZWZCY3NjX2RLVkxxOEJpWFM2UEdFTkZlR0ZRRXl6UFpQYURFbnQ3ZzNrekRSa0NTUUhuRmpiRjVQR0E5NkZsTy0zdW50QzBHeTFSNHRoQ201U1J4U1FpUkJFOGpiRFBuWHNsSG5DTUhONElzUkxhVnFFRkJGeHVwSURHTjQxMGx5YWRKM2xzQmpuSlMycV9KYW5FSFBJdlRQelFMT0xZNGQ?oc=5\" target=\"_blank\" rel=\"noopener\">Le Bayern acc\u00e9l\u00e8re pour Luis Henrique : Les 6 infos mercato de mardi<\/a>&nbsp;&nbsp;Eurosport<\/li>\n<li><a href=\"https:\/\/news.google.com\/rss\/articles\/CBMiigFBVV95cUxPOHd6eEdkN3hFbnBGcWI3S1JqUnNsQjZKYWxjS05YdFplTHNsN211QmVsSVA3T3R0dXd2Nm5DLUdtSmpLeDRNQ2Vyc1NKQ0otSlRmYnlLcWtiM1F6b3h3TjZZOXpsenZsX1AtMTlYc3k0bDJjaEcwWDhNS0RSYmt2NGQwdEZCY3poM3c?oc=5\" target=\"_blank\" rel=\"noopener\">Clash \u00e0 l&rsquo;OM, il veut rejoindre le PSG !<\/a>&nbsp;&nbsp;Le10Sport<\/li>\n<\/ol>\n","protected":false},"excerpt":{"rendered":"OM : l&rsquo;Inter r\u00e9pond pour Henrique&nbsp;&nbsp;Maxifoot Inter : Beppe Marotta r\u00e9pond \u00e0 la rumeur Luis Henrique&nbsp;&nbsp;Foot Mercato OM&hellip;\n","protected":false},"author":2,"featured_media":12750,"comment_status":"","ping_status":"","sticky":false,"template":"","format":"standard","meta":{"footnotes":""},"categories":[1410],"tags":[2266,2262,2261,1981,83,2260,451,2263,462,2269,2257,63,1011,27,2265,1441,453,66,447,2267,955,2268,241,149,70,1817,93,2264,2258,2259,60,969,455],"class_list":{"0":"post-12749","1":"post","2":"type-post","3":"status-publish","4":"format-standard","5":"has-post-thumbnail","7":"category-football","8":"tag-as-monaco","9":"tag-bundesligua","10":"tag-calcio","11":"tag-classement","12":"tag-coupe-de-france","13":"tag-coupe-de-la-ligue","14":"tag-coupe-du-monde","15":"tag-equipe","16":"tag-fc-nantes","17":"tag-fifa","18":"tag-foot","19":"tag-football","20":"tag-fr","21":"tag-france","22":"tag-girondins-bordeaux","23":"tag-joueur","24":"tag-liga","25":"tag-ligue-1","26":"tag-ligue-des-champions","27":"tag-losc","28":"tag-match","29":"tag-ogc-nice","30":"tag-ol","31":"tag-om","32":"tag-premier-league","33":"tag-pronostic","34":"tag-psg","35":"tag-rc-lens","36":"tag-resultat","37":"tag-score","38":"tag-sports","39":"tag-transfert","40":"tag-uefa"},"share_on_mastodon":{"url":"https:\/\/pubeurope.com\/@fr\/114308304452873677","error":""},"_links":{"self":[{"href":"https:\/\/www.europesays.com\/fr\/wp-json\/wp\/v2\/posts\/12749","targetHints":{"allow":["GET"]}}],"collection":[{"href":"https:\/\/www.europesays.com\/fr\/wp-json\/wp\/v2\/posts"}],"about":[{"href":"https:\/\/www.europesays.com\/fr\/wp-json\/wp\/v2\/types\/post"}],"author":[{"embeddable":true,"href":"https:\/\/www.europesays.com\/fr\/wp-json\/wp\/v2\/users\/2"}],"replies":[{"embeddable":true,"href":"https:\/\/www.europesays.com\/fr\/wp-json\/wp\/v2\/comments?post=12749"}],"version-history":[{"count":0,"href":"https:\/\/www.europesays.com\/fr\/wp-json\/wp\/v2\/posts\/12749\/revisions"}],"wp:featuredmedia":[{"embeddable":true,"href":"https:\/\/www.europesays.com\/fr\/wp-json\/wp\/v2\/media\/12750"}],"wp:attachment":[{"href":"https:\/\/www.europesays.com\/fr\/wp-json\/wp\/v2\/media?parent=12749"}],"wp:term":[{"taxonomy":"category","embeddable":true,"href":"https:\/\/www.europesays.com\/fr\/wp-json\/wp\/v2\/categories?post=12749"},{"taxonomy":"post_tag","embeddable":true,"href":"https:\/\/www.europesays.com\/fr\/wp-json\/wp\/v2\/tags?post=12749"}],"curies":[{"name":"wp","href":"https:\/\/api.w.org\/{rel}","templated":true}]}}