{"id":127493,"date":"2025-05-25T18:04:22","date_gmt":"2025-05-25T18:04:22","guid":{"rendered":"https:\/\/www.europesays.com\/fr\/127493\/"},"modified":"2025-05-25T18:04:22","modified_gmt":"2025-05-25T18:04:22","slug":"flensbourg-etait-trop-fort-pour-montpellier","status":"publish","type":"post","link":"https:\/\/www.europesays.com\/fr\/127493\/","title":{"rendered":"Flensbourg \u00e9tait trop fort pour Montpellier"},"content":{"rendered":"<p>            Par<br \/>\n        <strong><br \/>\n            <a href=\"https:\/\/actu.fr\/auteur\/c-nithard\" title=\"Consulter tous les articles de C\u00e9dric Nithard\" rel=\"nofollow noopener\" target=\"_blank\">C\u00e9dric Nithard<\/a><br \/>\n        <\/strong><\/p>\n<p>        Publi\u00e9 le<\/p>\n<p>            25 mai 2025 \u00e0 19h47        <\/p>\n<p>Apr\u00e8s avoir sorti hier sur le fil Kiel (31-32), <strong>Montpellier<\/strong> affrontait <strong>Flensbourg<\/strong> ce dimanche 25 mai \u00e0 la Barclay Arena d\u2019Hambourg en <strong>finale de la Ligue europ\u00e9enne de handball<\/strong>. Trop \u00e9mouss\u00e9s par leur match de la veille, <strong>les hommes d\u2019\u00c9rick Math\u00e9<\/strong> ont rapidement vu s\u2019\u00e9chapper la rencontre. Flensbourg remporte sa deuxi\u00e8me Ligue europ\u00e9enne cons\u00e9cutive.<\/p>\n<p>Flensbourg se d\u00e9tache<\/p>\n<p class=\" wall-content\">Malgr\u00e9 la fatigue occasionn\u00e9e par la victoire face \u00e0 Kiel hier, les hommes d\u2019\u00c9rick Math\u00e9 devaient remettre le bleu de chauffe pour la 4e finale europ\u00e9enne de l\u2019histoire du MHB. Et, apr\u00e8s deux ligues des champions, l\u2019espoir d\u2019accrocher cette Ligue Europ\u00e9enne. En face, Flensbourg, tenant du titre, avait certes jou\u00e9 plus t\u00f4t samedi mais avait d\u00fb passer par les prolongations pour sortir le leader du championnat allemand Meslungen (28-28, 34-35). Mais dans une salle acquise \u00e0 sa cause et dans une comp\u00e9tition trust\u00e9 par les clubs allemands, la gestion de la fatigue est toute autre.<\/p>\n<p class=\" wall-content\">En d\u00e9but de match, les \u00e9quipes se rendaient coup pour coup (3-3, 4\u2032 ; 4-4, 8\u2032 ; 5-5, 10\u2032). Il fallait attendre l\u2019exclusion de Sebastian Karlsson (11\u2032) pour voir Flensbourg prendre les devants (5-8, 13\u2032). Voyant sa d\u00e9fense commettre trop de fautes, \u00c9rick Math\u00e9 posait un temps mort. Mais Montpellier peinait \u00e0 combler son retard et n\u2019en profitait pas quand Lasse Kj\u00e6r M\u00f8ller \u00e9tait exclu \u00e0 son tour (6-9, 14\u2032 ; 7-12, 17\u2032). Le combat \u00e9tait physique poussant r\u00e9guli\u00e8rement les tireurs au p\u00e9nalty. Dans les cages, R\u00e9mi Desbonnet s\u2019employait \u00e0 limiter la casse, tandis que Valentin Porte ou Hugo Monte s\u2019illustraient en attaque. Montpellier bataillait mais ne l\u00e2chait pas (10-12, 20\u2032). Ne montrant pas de signes d\u2019inqui\u00e9tude, les Allemands restaient solides (10-14, 22\u2032) d\u2019autant plus avec un Kevin M\u00f8ller des grands jours dans la cage (9 arr\u00eats en 1\u00e8re). Comme un symbole, la premi\u00e8re p\u00e9riode s\u2019achevait par un arr\u00eat sur Sebastian Karlsson (13-19).<\/p>\n<p>Montpellier n\u2019a rien pu faire<\/p>\n<p class=\" wall-content\">Dans ces conditions, il fallait esp\u00e9rer un exploit pour que Montpellier renverse la vapeur. Pour y parvenir, Charles Bolzinger faisait son apparition dans les cages. Mais Emil Jakobsen et Lukas Lindhard J\u00f8rgensen poursuivaient leur entreprise en se jouant de la d\u00e9fense montpelli\u00e9raine (15-22, 34\u2032) tandis que Kevin M\u00f8ller continuait d\u2019\u00e9coeurer les attaquants h\u00e9raultais (18-26, 41\u2032). Charles Bolzinger parvenait enfin \u00e0 s\u2019illustrer mais les Allemands restaient encore bien loin (21-27, 47\u2032). Et si Montpellier se montrait plus rigoureux en d\u00e9fense, les \u00e9chec r\u00e9p\u00e9t\u00e9s, \u00e0 l\u2019instar de ceux de Veron Nacinovic, annihilaient tout retour. Contrari\u00e9 sur la ligne, Flensbourg trouvait la solution par des tirs longue distance et se d\u00e9tachait irr\u00e9m\u00e9diablement (21-30, 52\u2032). \u00c9rick Math\u00e9 eut beau poser un arr\u00eat de jeu pour stopper l\u2019h\u00e9morragie mais rien n\u2019y fait. Veron Nacinovic trouvant enfin l\u2019ouverture ramenait quelque peu Montpellier (24-31, 56\u2032) mais l\u2019\u00e9cart \u00e9tait trop important (25-32). Flensbourg d\u00e9croche sa deuxi\u00e8me Ligue Europ\u00e9enne cons\u00e9cutive.<\/p>\n<p>Vid\u00e9os : en ce moment sur Actu<\/p>\n<p class=\" wall-content\">Apr\u00e8s avoir mis fin \u00e0 sept ans de disette en remportant la coupe de France dimanche dernier, le MHB voit passer l\u2019occasion de soulever un nouveau troph\u00e9e cette saison. Une opportunit\u00e9 qui se reproduira toutefois le samedi 30 ao\u00fbt avec le Troph\u00e9e des Champions qui l\u2019opposera au futur champion de France. Sans oublier justement l\u2019objectif de bien terminer le championnat avec trois matchs \u00e0 venir (r\u00e9ception de Paris et d\u00e9placements \u00e0 N\u00eemes et Aix) pour d\u00e9crocher la deuxi\u00e8me place.<\/p>\n<p>Dans la petit finale, Kiel l\u2019a emport\u00e9 sur Meslungen 37 \u00e0 31.<\/p>\n<p class=\" wall-content\">Suivez toute l\u2019actualit\u00e9 de vos villes et m\u00e9dias favoris en vous inscrivant \u00e0 <a href=\"https:\/\/moncompte.actu.fr\" title=\"D\u00e9couvez Mon Actu\" rel=\"nofollow noopener\" data-trk=\"{&quot;cta&quot;:{&quot;action&quot;:&quot;https:\\\/\\\/moncompte.actu.fr&quot;,&quot;category&quot;:&quot;mon compte&quot;,&quot;from&quot;:&quot;article footer&quot;,&quot;name&quot;:&quot;Mon actu&quot;,&quot;type&quot;:&quot;cta&quot;}}\" target=\"_blank\">Mon Actu<\/a>.<\/p>\n","protected":false},"excerpt":{"rendered":"Par C\u00e9dric Nithard Publi\u00e9 le 25 mai 2025 \u00e0 19h47 Apr\u00e8s avoir sorti hier sur le fil Kiel&hellip;\n","protected":false},"author":2,"featured_media":127494,"comment_status":"","ping_status":"","sticky":false,"template":"","format":"standard","meta":{"footnotes":""},"categories":[9599],"tags":[1111,11,1777,674,1011,27,1792,2208,12,2680,25,60],"class_list":{"0":"post-127493","1":"post","2":"type-post","3":"status-publish","4":"format-standard","5":"has-post-thumbnail","7":"category-montpellier","8":"tag-actu","9":"tag-actualites","10":"tag-eu","11":"tag-europe","12":"tag-fr","13":"tag-france","14":"tag-handball","15":"tag-montpellier","16":"tag-news","17":"tag-occitanie","18":"tag-republique-francaise","19":"tag-sports"},"share_on_mastodon":{"url":"https:\/\/pubeurope.com\/@fr\/114569796857486192","error":""},"_links":{"self":[{"href":"https:\/\/www.europesays.com\/fr\/wp-json\/wp\/v2\/posts\/127493","targetHints":{"allow":["GET"]}}],"collection":[{"href":"https:\/\/www.europesays.com\/fr\/wp-json\/wp\/v2\/posts"}],"about":[{"href":"https:\/\/www.europesays.com\/fr\/wp-json\/wp\/v2\/types\/post"}],"author":[{"embeddable":true,"href":"https:\/\/www.europesays.com\/fr\/wp-json\/wp\/v2\/users\/2"}],"replies":[{"embeddable":true,"href":"https:\/\/www.europesays.com\/fr\/wp-json\/wp\/v2\/comments?post=127493"}],"version-history":[{"count":0,"href":"https:\/\/www.europesays.com\/fr\/wp-json\/wp\/v2\/posts\/127493\/revisions"}],"wp:featuredmedia":[{"embeddable":true,"href":"https:\/\/www.europesays.com\/fr\/wp-json\/wp\/v2\/media\/127494"}],"wp:attachment":[{"href":"https:\/\/www.europesays.com\/fr\/wp-json\/wp\/v2\/media?parent=127493"}],"wp:term":[{"taxonomy":"category","embeddable":true,"href":"https:\/\/www.europesays.com\/fr\/wp-json\/wp\/v2\/categories?post=127493"},{"taxonomy":"post_tag","embeddable":true,"href":"https:\/\/www.europesays.com\/fr\/wp-json\/wp\/v2\/tags?post=127493"}],"curies":[{"name":"wp","href":"https:\/\/api.w.org\/{rel}","templated":true}]}}