{"id":127497,"date":"2025-05-25T18:06:14","date_gmt":"2025-05-25T18:06:14","guid":{"rendered":"https:\/\/www.europesays.com\/fr\/127497\/"},"modified":"2025-05-25T18:06:14","modified_gmt":"2025-05-25T18:06:14","slug":"plus-de-27-millions-deuros-pour-donner-une-seconde-vie-a-une-batisse-historique","status":"publish","type":"post","link":"https:\/\/www.europesays.com\/fr\/127497\/","title":{"rendered":"plus de 2,7 millions d&rsquo;euros pour donner une seconde vie \u00e0 une b\u00e2tisse historique"},"content":{"rendered":"<p>            Par<br \/>\n        <strong><br \/>\n            <a href=\"https:\/\/actu.fr\/auteur\/aurelien-delavaud\" title=\"Consulter tous les articles de Aur\u00e9lien Delavaud\" rel=\"nofollow noopener\" target=\"_blank\">Aur\u00e9lien Delavaud<\/a><br \/>\n        <\/strong><\/p>\n<p>        Publi\u00e9 le<\/p>\n<p>            25 mai 2025 \u00e0 11h34        <\/p>\n<p>Des documents officiels de l\u2019\u00e9poque attestent d\u00e9j\u00e0 de son existence en 1776. C\u2019est dire si c\u2019est un <b>symbole historique<\/b> de la commune !<\/p>\n<p class=\" wall-content\">Apr\u00e8s plusieurs vies et plusieurs utilisations diff\u00e9rentes, le <b>Ch\u00e2teau de la Haline<\/b>, \u00e0 <a href=\"https:\/\/actu.fr\/normandie\/saint-pierre-les-elbeuf_76640\" rel=\"nofollow noopener\" target=\"_blank\">Saint-Pierre-l\u00e8s-Elbeuf (Seine-Maritime)<\/a>, est en travaux depuis le printemps 2025.<\/p>\n<p class=\" wall-content\">Le but ? Lui offrir une deuxi\u00e8me jeunesse en le <b>transformant en logements<\/b> au go\u00fbt du jour.<\/p>\n<p>Un long travail pr\u00e9paratoire<\/p>\n<p class=\" wall-content\">\u00ab C\u2019est une vieille r\u00e9sidence avec un grand parc, qui a \u00e9t\u00e9 habit\u00e9e, puis lou\u00e9e comme lieu de r\u00e9ception pour les mariages, par exemple, rappelle Nadia Mezrar, la maire de la commune. Puis elle a \u00e9t\u00e9 \u00e0 nouveau habit\u00e9e, mais elle est vraiment ab\u00eem\u00e9e. L\u2019id\u00e9e, depuis des ann\u00e9es, c\u2019est de ne pas laisser le ch\u00e2teau d\u00e9p\u00e9rir. \u00bb<\/p>\n<p class=\" wall-content\">Car si elle n\u2019est pas propri\u00e9taire ou ma\u00eetre d\u2019\u0153uvre sur ce chantier, la mairie surveille d\u2019un \u0153il tr\u00e8s attentif les travaux.<\/p>\n<p>Vid\u00e9os : en ce moment sur Actu<\/p>\n<p class=\" wall-content\">\u00ab C\u2019est un projet sur lequel on travaille depuis 2020, abonde Laurence Esclasse, premi\u00e8re adjointe notamment en charge de l\u2019urbanisme. Quand on est arriv\u00e9, on a \u00e9t\u00e9 contact\u00e9 par Log\u00e9al, qui l\u2019a rachet\u00e9 \u00e0 un propri\u00e9taire priv\u00e9 juste avant le Covid. \u00bb<\/p>\n<p class=\" wall-content\">Puis des complications sont arriv\u00e9es, repoussant le d\u00e9but du chantier. Les <b>confinements<\/b> et la hausse importante du <b>co\u00fbt des mat\u00e9riaux de construction<\/b> n\u2019y sont pas \u00e9trangers.<\/p>\n<p class=\" wall-content\">Mais la Ville avait aussi mis son petit grain de sel, en s\u2019opposant \u00e0 une premi\u00e8re version du projet de r\u00e9sidence.<\/p>\n<p>    <img   decoding=\"async\" loading=\"lazy\" class=\"size-large\" src=\"https:\/\/www.europesays.com\/fr\/wp-content\/uploads\/2025\/05\/dda13f3bda286b1b13f3bda2875b13v-960x640.jpg\" alt=\"Chateau de la Haline Saint-Pierre-l\u00e8s-Elbeuf\" width=\"960\" height=\"640\"\/><br \/>\n    Le Ch\u00e2teau de la Haline gardera une partie de son caract\u00e8re, apr\u00e8s les travaux qui vont le transformer en logements. \u00a9Atelier 970<\/p>\n<p class=\" wall-content\">\u00ab C\u2019\u00e9tait tr\u00e8s monobloc, il n\u2019y avait pas assez d\u2019ouvertures et les espaces n\u2019\u00e9taient pas optimis\u00e9s \u00bb, justifie Nadia Mezrar, qui est beaucoup plus satisfaite par cette deuxi\u00e8me mouture pens\u00e9e par le cabinet d\u2019architecte Atelier 970.<\/p>\n<p>Plus de deux millions d\u2019euros de travaux<\/p>\n<p class=\" wall-content\">Une partie de la b\u00e2tisse historique, en l\u2019occurrence les deux ailes sur les c\u00f4t\u00e9s, sera conserv\u00e9e. En revanche, la partie centrale du Ch\u00e2teau de la Haline devra \u00eatre d\u00e9truite puis reconstruite. Cette \u00e9tape, assez technique, justifie presque \u00e0 elle seule le budget estim\u00e9 \u00e0 <b>2,7\u00a0millions d\u2019euros<\/b> pour les travaux et les <b>18\u00a0mois de chantier<\/b> qui viennent de d\u00e9buter.<\/p>\n<p class=\" wall-content\">Au moment de la livraison, esp\u00e9r\u00e9e pour d\u00e9but 2027, ce sont 11 nouveaux logements qui auront vu le jour : huit appartements dans l\u2019ancien ch\u00e2teau et trois petites maisons, juste \u00e0 c\u00f4t\u00e9, l\u00e0 o\u00f9 se trouvait autrefois une orangerie. \u00ab Il y a des jardins pour tous les logements, c\u2019est un projet tr\u00e8s qualitatif \u00bb, appr\u00e9cie Laurence Esclasse.<\/p>\n<p>    <img   decoding=\"async\" loading=\"lazy\" class=\"size-large\" src=\"https:\/\/www.europesays.com\/fr\/wp-content\/uploads\/2025\/05\/f2ddd19bda2862bddd19bda28efdddv-960x640.jpg\" alt=\"Chateau de la Haline Saint-Pierre-l\u00e8s-Elbeuf\" width=\"960\" height=\"640\"\/><br \/>\n    Une partie sera d\u00e9truite puis reconstruite, entre les deux ailes qui seront elles conserv\u00e9es. \u00a9Atelier 970<\/p>\n<p class=\" wall-content\">Nadia Mezrar, elle, appr\u00e9cie la transmission de cette part d\u2019histoire de la commune, de la b\u00e2tisse aux murs en moellons qui l\u2019entourent : \u00ab Il y a des millions d\u2019euros qui s\u2019investissent, on conserve notre <b>patrimoine<\/b> et \u00e7a r\u00e9pond \u00e0 un engagement de reconstruire la ville sur la ville. C\u2019est un tr\u00e8s beau projet ! \u00bb<\/p>\n<p class=\" wall-content\">Suivez toute l\u2019actualit\u00e9 de vos villes et m\u00e9dias favoris en vous inscrivant \u00e0 <a href=\"https:\/\/moncompte.actu.fr\" title=\"D\u00e9couvez Mon Actu\" rel=\"nofollow noopener\" data-trk=\"{&quot;cta&quot;:{&quot;action&quot;:&quot;https:\\\/\\\/moncompte.actu.fr&quot;,&quot;category&quot;:&quot;mon compte&quot;,&quot;from&quot;:&quot;article footer&quot;,&quot;name&quot;:&quot;Mon actu&quot;,&quot;type&quot;:&quot;cta&quot;}}\" target=\"_blank\">Mon Actu<\/a>.<\/p>\n","protected":false},"excerpt":{"rendered":"Par Aur\u00e9lien Delavaud Publi\u00e9 le 25 mai 2025 \u00e0 11h34 Des documents officiels de l\u2019\u00e9poque attestent d\u00e9j\u00e0 de&hellip;\n","protected":false},"author":2,"featured_media":127498,"comment_status":"","ping_status":"","sticky":false,"template":"","format":"standard","meta":{"footnotes":""},"categories":[9587],"tags":[1111,11,1777,674,1011,27,1116,1908,12,5161,2551,25,9590,104],"class_list":{"0":"post-127497","1":"post","2":"type-post","3":"status-publish","4":"format-standard","5":"has-post-thumbnail","7":"category-rouen","8":"tag-actu","9":"tag-actualites","10":"tag-eu","11":"tag-europe","12":"tag-fr","13":"tag-france","14":"tag-immobilier","15":"tag-logement","16":"tag-news","17":"tag-normandie","18":"tag-patrimoine","19":"tag-republique-francaise","20":"tag-rouen","21":"tag-societe"},"share_on_mastodon":{"url":"https:\/\/pubeurope.com\/@fr\/114569804786100995","error":""},"_links":{"self":[{"href":"https:\/\/www.europesays.com\/fr\/wp-json\/wp\/v2\/posts\/127497","targetHints":{"allow":["GET"]}}],"collection":[{"href":"https:\/\/www.europesays.com\/fr\/wp-json\/wp\/v2\/posts"}],"about":[{"href":"https:\/\/www.europesays.com\/fr\/wp-json\/wp\/v2\/types\/post"}],"author":[{"embeddable":true,"href":"https:\/\/www.europesays.com\/fr\/wp-json\/wp\/v2\/users\/2"}],"replies":[{"embeddable":true,"href":"https:\/\/www.europesays.com\/fr\/wp-json\/wp\/v2\/comments?post=127497"}],"version-history":[{"count":0,"href":"https:\/\/www.europesays.com\/fr\/wp-json\/wp\/v2\/posts\/127497\/revisions"}],"wp:featuredmedia":[{"embeddable":true,"href":"https:\/\/www.europesays.com\/fr\/wp-json\/wp\/v2\/media\/127498"}],"wp:attachment":[{"href":"https:\/\/www.europesays.com\/fr\/wp-json\/wp\/v2\/media?parent=127497"}],"wp:term":[{"taxonomy":"category","embeddable":true,"href":"https:\/\/www.europesays.com\/fr\/wp-json\/wp\/v2\/categories?post=127497"},{"taxonomy":"post_tag","embeddable":true,"href":"https:\/\/www.europesays.com\/fr\/wp-json\/wp\/v2\/tags?post=127497"}],"curies":[{"name":"wp","href":"https:\/\/api.w.org\/{rel}","templated":true}]}}