{"id":127503,"date":"2025-05-25T18:09:23","date_gmt":"2025-05-25T18:09:23","guid":{"rendered":"https:\/\/www.europesays.com\/fr\/127503\/"},"modified":"2025-05-25T18:09:23","modified_gmt":"2025-05-25T18:09:23","slug":"ay-roop-20-ans-et-une-11e-biennale-de-cirque-contemporain","status":"publish","type":"post","link":"https:\/\/www.europesays.com\/fr\/127503\/","title":{"rendered":"Ay-Roop\u00a0: 20\u00a0ans et une\u00a011e biennale de cirque contemporain"},"content":{"rendered":"<p>Le temps se compresse pour l\u2019\u00e9quipe d\u2019Ay-Roop. Dans quinze\u00a0jours, la biennale Temps fort cirque d\u00e9bute dans Rennes m\u00e9tropole. Elle va durer quatorze\u00a0jours. 35\u00a0repr\u00e9sentations, dans douze\u00a0lieux et huit\u00a0communes du d\u00e9partement, sont programm\u00e9es dont douze\u00a0spectacles\u00a0; un\u00a0atelier parents-enfants \u00e0 partir de 6\u00a0ans\u00a0; trois\u00a0bords de sc\u00e8ne\u00a0; deux entre-sorts\u00a0; deux\u00a0jours de rencontres professionnelles\u2026<\/p>\n<p>Huit spectacles \u00e0 Saint-Jacques-de-la-Lande<\/p>\n<p>Les Jacquolandins sont particuli\u00e8rement g\u00e2t\u00e9s puisque huit des spectacles et l\u2019atelier parent-enfants ont lieu dans la commune. Il reste encore quelques places.<\/p>\n<p>\u00a0La biennale tombe l\u2019ann\u00e9e o\u00f9 notre structure f\u00eate ses 20\u00a0ans d\u2019existence. Cette grande f\u00eate du cirque contemporain est une synth\u00e8se de ce qui nous anime et des partenariats tiss\u00e9s\u00a0, conviennent, avec gourmandise, <a href=\"https:\/\/rennes.maville.com\/info\/info-locale\/nous-proposons-du-cirque-360deg-4119179\" target=\"_blank\" rel=\"noopener\">G\u00e9raldine Werner et Olivier Daco, fondateurs et codirecteurs<\/a>. \u00a0Certaines formes sont extraordinaires. Dans <a href=\"https:\/\/out-of-the-blue.fr\/\" target=\"_blank\" rel=\"noopener\"> Out of the blue deux acrobates apn\u00e9istes \u00e9voluent dans un aquarium.<\/a> Dans <a href=\"https:\/\/rencontreschoregraphiques.com\/spectacle\/alice-rende-passage\/\" target=\"_blank\" rel=\"noopener\">Passages<\/a>  <a href=\"https:\/\/rencontreschoregraphiques.com\/spectacle\/alice-rende-passage\/\" target=\"_blank\" rel=\"noopener\">, la contorsionniste Alice Rende <\/a>devra se faufiler en dehors d\u2019un tube \u00e9troit en plexiglas\u00a0. Tout aussi spectaculaire Mortel jus de mortel, renoue avec l\u2019attraction centenaire du mur de la mort o\u00f9 quatre\u00a0pilotes \u00e0 moto encha\u00eenent les performances.<\/p>\n<p>De la balade \u00e0 v\u00e9lo au d\u00e9fi de la pesanteur<\/p>\n<p>Beaucoup moins bruyante, la compagnie Singuli\u00e8re invite les amateurs la suivre dans sa d\u00e9ambulation \u00e0 v\u00e9lo d\u2019Acign\u00e9 \u00e0 Bazouges-la-P\u00e9rouse. Tout au long du festival, les membres seront sur sc\u00e8ne pour encha\u00eener diff\u00e9rentes techniques au rythme d\u2019un piano. \u00a0Avec le spectacle Moon, les acrobates de la compagnie Bark d\u00e9fient la pesanteur dans une danse a\u00e9rienne. Avec un autre agr\u00e8s, une sculpture en forme de toupie, celle d\u2019Underclouds en fait de m\u00eame, elle jouera Inertie \u00e0 La Basse-Cour et au Rheu\u00a0, soulignent les deux complices. \u00a0Dans un autre registre, celui de la magie, \u00c9tienne Saglio, que nous accompagnons depuis 2008, nous entra\u00eene Vers les m\u00e9tamorphoses, titre de son dernier spectacle au Th\u00e9\u00e2tre National de Bretagne\u00a0.<\/p>\n<p>Une guinguette dans le village du festival<\/p>\n<p>Pour Les grands fourneaux, Ay-Roop et la ville de Liffr\u00e9 montent un vrai chapiteau afin d\u2019accueillir les ripailles et acrobaties de la compagnie Max et Maurice.<\/p>\n<p>Dans le m\u00eame esprit de convivialit\u00e9, le temps d\u2019un grand week-end, du jeudi\u00a012 au dimanche 15\u00a0juin, l\u2019\u00e9crin de verdure du Milieu, camp de base d\u2019Ay-Roop \u00e0 Saint-Jacques-de-la-Lande, sera sp\u00e9cialement am\u00e9nag\u00e9 en village du festival version guinguette. \u00a0On pourra y boire, manger, s\u2019y distraire, assister \u00e0 des spectacles et surtout \u00e9changer\u00a0, concluent les organisateurs.<\/p>\n<p>Lancement le 6\u00a0juin 2025, \u00e0 19\u00a0h. Programmation compl\u00e8te et billetterie sur festivalayroop.com<\/p>\n<p>\u00a0<\/p>\n","protected":false},"excerpt":{"rendered":"Le temps se compresse pour l\u2019\u00e9quipe d\u2019Ay-Roop. Dans quinze\u00a0jours, la biennale Temps fort cirque d\u00e9bute dans Rennes m\u00e9tropole.&hellip;\n","protected":false},"author":2,"featured_media":127504,"comment_status":"","ping_status":"","sticky":false,"template":"","format":"standard","meta":{"footnotes":""},"categories":[2821],"tags":[25100,4307,1111,11,1764,14868,24436,829,5398,4160,1777,674,1011,27,12,3086,584,25],"class_list":{"0":"post-127503","1":"post","2":"type-post","3":"status-publish","4":"format-standard","5":"has-post-thumbnail","7":"category-rennes","8":"tag-11e","9":"tag-4307","10":"tag-actu","11":"tag-actualites","12":"tag-ans","13":"tag-ay-roop","14":"tag-biennale","15":"tag-bretagne","16":"tag-cirque","17":"tag-contemporain","18":"tag-eu","19":"tag-europe","20":"tag-fr","21":"tag-france","22":"tag-news","23":"tag-redon","24":"tag-rennes","25":"tag-republique-francaise"},"share_on_mastodon":{"url":"https:\/\/pubeurope.com\/@fr\/114569816487707215","error":""},"_links":{"self":[{"href":"https:\/\/www.europesays.com\/fr\/wp-json\/wp\/v2\/posts\/127503","targetHints":{"allow":["GET"]}}],"collection":[{"href":"https:\/\/www.europesays.com\/fr\/wp-json\/wp\/v2\/posts"}],"about":[{"href":"https:\/\/www.europesays.com\/fr\/wp-json\/wp\/v2\/types\/post"}],"author":[{"embeddable":true,"href":"https:\/\/www.europesays.com\/fr\/wp-json\/wp\/v2\/users\/2"}],"replies":[{"embeddable":true,"href":"https:\/\/www.europesays.com\/fr\/wp-json\/wp\/v2\/comments?post=127503"}],"version-history":[{"count":0,"href":"https:\/\/www.europesays.com\/fr\/wp-json\/wp\/v2\/posts\/127503\/revisions"}],"wp:featuredmedia":[{"embeddable":true,"href":"https:\/\/www.europesays.com\/fr\/wp-json\/wp\/v2\/media\/127504"}],"wp:attachment":[{"href":"https:\/\/www.europesays.com\/fr\/wp-json\/wp\/v2\/media?parent=127503"}],"wp:term":[{"taxonomy":"category","embeddable":true,"href":"https:\/\/www.europesays.com\/fr\/wp-json\/wp\/v2\/categories?post=127503"},{"taxonomy":"post_tag","embeddable":true,"href":"https:\/\/www.europesays.com\/fr\/wp-json\/wp\/v2\/tags?post=127503"}],"curies":[{"name":"wp","href":"https:\/\/api.w.org\/{rel}","templated":true}]}}