{"id":127507,"date":"2025-05-25T18:12:10","date_gmt":"2025-05-25T18:12:10","guid":{"rendered":"https:\/\/www.europesays.com\/fr\/127507\/"},"modified":"2025-05-25T18:12:10","modified_gmt":"2025-05-25T18:12:10","slug":"plus-de-300-cyclistes-ont-manifeste-pour-plus-de-place-et-de-securite","status":"publish","type":"post","link":"https:\/\/www.europesays.com\/fr\/127507\/","title":{"rendered":"plus de 300 cyclistes ont manifest\u00e9 pour plus de place et de s\u00e9curit\u00e9"},"content":{"rendered":"<p>\u00ab\u00a0Fais du v\u00e9lo, fais du v\u00e9lo\u00a0! Tu n\u2019auras plus jamais le moral \u00e0 z\u00e9ro\u00a0!\u00a0\u00bb C\u2019est sur l\u2019hymne de la chanteuse Georgette Plana que s\u2019est \u00e9lanc\u00e9 dimanche 25\u00a0mai apr\u00e8s-midi un cort\u00e8ge de cyclistes de Cronenbourg. Direction la place Broglie pour participer \u00e0 la 2e \u00e9dition de la V\u00e9lorution convergente, et rejoindre des participants venus de toute l\u2019Eurom\u00e9tropole et m\u00eame d\u2019Offenbourg.<\/p>\n<p>Entre concert de sonnettes, ballons color\u00e9s et bande-son sur-mesure, l\u2019ambiance est festive et familiale. Mais les participants portent des revendications on ne peut plus s\u00e9rieuses\u00a0: celles de la s\u00e9curit\u00e9 des cyclistes et des pi\u00e9tons, et d\u2019une relation apais\u00e9e avec les v\u00e9hicules motoris\u00e9s. \u00ab\u00a0Nous r\u00e9clamons plus de place et de s\u00e9curit\u00e9 dans l\u2019espace public. \u00c0 Cronenbourg, nous avons encore beaucoup d\u2019endroits accidentog\u00e8nes et anxiog\u00e8nes, comme la route d\u2019Oberhausbergen ou la route de Mittelhausbergen o\u00f9 les voitures roulent parfois tr\u00e8s vite\u00a0\u00bb, regrette Romain, l\u2019un des membres du CroCollectif.<\/p>\n<p>  Inqui\u00e9tude pour les plus jeunes<\/p>\n<p>H\u00e9l\u00e8ne, qui a quitt\u00e9 le centre-ville pour s\u2019installer dans le quartier en 2020 confirme\u00a0: \u00ab\u00a0J\u2019utilise mon v\u00e9lo au quotidien. Depuis mon arriv\u00e9e, je me suis rendu compte qu\u2019il y avait vraiment une disparit\u00e9 entre les quartiers\u00a0! <a href=\"https:\/\/www.dna.fr\/economie\/2025\/02\/06\/ces-54-plots-qui-divisent-cyclistes-et-riverains\" target=\"_blank\" rel=\"noopener\">Cronenbourg est l\u2019un des parents pauvres<\/a>.\u00a0\u00bb \u00ab\u00a0Nous manquons de continuit\u00e9, certaines pistes s\u2019arr\u00eatent d\u2019un seul coup. Ce n\u2019est pas rassurant, surtout quand on a des enfants\u00a0\u00bb, surench\u00e9rit Antoinette.<\/p>\n<p>Arriv\u00e9s place Broglie, les diff\u00e9rents cort\u00e8ges font aussi part des am\u00e9liorations qu\u2019ils aimeraient voir rapidement. \u00ab\u00a0Je viens de la Montagne-Verte et nous manifestons pour que la route de Schirmeck devienne la rue de Schirmeck. C\u2019est aujourd\u2019hui un enfer pour y circuler \u00e0 v\u00e9lo ou \u00e0 pied. \u00c0 court terme, nous demandons que la Ville fasse respecter les interdictions de stationner, r\u00e8gle certains feux pour donner la priorit\u00e9 aux pi\u00e9tons et am\u00e9liore les marquages au sol\u00a0\u00bb, \u00e9num\u00e8re Bruno, m\u00e9canicien v\u00e9lo qui roule sur plus de 6\u00a0000\u00a0km dans l\u2019Eurom\u00e9tropole tous les ans.<\/p>\n<p>  Routes de Mittel, d\u2019Ober et de Schirmeck dans le viseur<\/p>\n<p>Les cyclistes venus d\u2019Offenbourg quant \u00e0 eux s\u2019impatientent de la mise en place de la V\u00e9loroute \u00e0 haut niveau de service entre leur ville et Strasbourg, promise depuis 2018. Ceux de Hoenheim, Bischheim et Schiltigheim \u00e9voquent <a href=\"https:\/\/www.dna.fr\/culture-loisirs\/2025\/05\/22\/une-manifestation-a-velo-dimanche-de-reichstett-a-strasbourg\" target=\"_blank\" rel=\"noopener\">un \u00ab\u00a0enfer du nord\u00a0\u00bb<\/a> et r\u00e9clament une limitation de vitesse \u00e0 30\u00a0km\/h dans les villes et davantage d\u2019axes s\u00e9curis\u00e9s, mis sur pause depuis <a href=\"https:\/\/www.dna.fr\/edition-strasbourg\/edition-strasbourg\/tram-nord\" target=\"_blank\" rel=\"noopener\">le report du projet tram Nord<\/a>.<\/p>\n<p>Au centre de Strasbourg, \u00ab\u00a0il y a du mieux\u00a0\u00bb, atteste Marjory Thal, secr\u00e9taire de Strasbourg \u00e0 V\u00e9lo. Mais trois zones restent dangereuses\u00a0: \u00ab\u00a0la rue du Faubourg-de-Pierre o\u00f9 <a href=\"https:\/\/www.dna.fr\/faits-divers-justice\/2025\/01\/26\/heurtee-par-une-camionnette-une-nonagenaire-decede-a-l-hopital\" target=\"_blank\" rel=\"noopener\">un pi\u00e9ton est d\u00e9c\u00e9d\u00e9<\/a> , le carrefour Clemenceau o\u00f9 une cycliste a \u00e9t\u00e9 gri\u00e8vement bless\u00e9e et <a href=\"https:\/\/www.dna.fr\/transport\/2025\/03\/11\/la-premiere-moitie-de-la-velostras2-enfin-devoilee-au-public\" target=\"_blank\" rel=\"noopener\">l\u2019avenue des Vosges<\/a> o\u00f9 les am\u00e9nagements cyclistes sont \u00e0 l\u2019arr\u00eat depuis le report du trajet tram Nord\u00a0\u00bb, liste-t-elle avant de donner le d\u00e9part de la deuxi\u00e8me partie du parcours. Les cyclistes r\u00e9unifi\u00e9s ont r\u00e9alis\u00e9 un circuit de 3\u00a0km en passant par ces points.<\/p>\n<p>\u00c9galement pr\u00e9sente, pendant l\u2019\u00e9v\u00e9nement, la conseill\u00e8re municipale d\u00e9l\u00e9gu\u00e9e \u00e0 la ville cyclable et marchable Sophie Dupressoir a affirm\u00e9 avoir bien conscience de ces besoins. \u00ab\u00a0De nouveaux am\u00e9nagements seront rapidement mis en place. Par exemple, nous allons renforcer les marquages cyclables \u00e0 l\u2019intersection entre le boulevard Clemenceau et l\u2019avenue des Vosges avant la fin de l\u2019ann\u00e9e. Nous allons aussi vite proposer des solutions pour la route d\u2019Oberhausbergen\u00a0\u00bb, liste-t-elle.<\/p>\n","protected":false},"excerpt":{"rendered":"\u00ab\u00a0Fais du v\u00e9lo, fais du v\u00e9lo\u00a0! Tu n\u2019auras plus jamais le moral \u00e0 z\u00e9ro\u00a0!\u00a0\u00bb C\u2019est sur l\u2019hymne de&hellip;\n","protected":false},"author":2,"featured_media":127508,"comment_status":"","ping_status":"","sticky":false,"template":"","format":"standard","meta":{"footnotes":""},"categories":[2820],"tags":[1111,11,2880,1777,674,274,107,1011,27,775,3539,12,316,25,104,640,2879,1631],"class_list":{"0":"post-127507","1":"post","2":"type-post","3":"status-publish","4":"format-standard","5":"has-post-thumbnail","7":"category-strasbourg","8":"tag-actu","9":"tag-actualites","10":"tag-edition-strasbourg","11":"tag-eu","12":"tag-europe","13":"tag-faits-divers-justice","14":"tag-fil-info","15":"tag-fr","16":"tag-france","17":"tag-grand-est","18":"tag-les-ecologistes","19":"tag-news","20":"tag-politique","21":"tag-republique-francaise","22":"tag-societe","23":"tag-strasbourg","24":"tag-strasbourg-ville","25":"tag-vie-associative"},"share_on_mastodon":{"url":"https:\/\/pubeurope.com\/@fr\/114569828483326615","error":""},"_links":{"self":[{"href":"https:\/\/www.europesays.com\/fr\/wp-json\/wp\/v2\/posts\/127507","targetHints":{"allow":["GET"]}}],"collection":[{"href":"https:\/\/www.europesays.com\/fr\/wp-json\/wp\/v2\/posts"}],"about":[{"href":"https:\/\/www.europesays.com\/fr\/wp-json\/wp\/v2\/types\/post"}],"author":[{"embeddable":true,"href":"https:\/\/www.europesays.com\/fr\/wp-json\/wp\/v2\/users\/2"}],"replies":[{"embeddable":true,"href":"https:\/\/www.europesays.com\/fr\/wp-json\/wp\/v2\/comments?post=127507"}],"version-history":[{"count":0,"href":"https:\/\/www.europesays.com\/fr\/wp-json\/wp\/v2\/posts\/127507\/revisions"}],"wp:featuredmedia":[{"embeddable":true,"href":"https:\/\/www.europesays.com\/fr\/wp-json\/wp\/v2\/media\/127508"}],"wp:attachment":[{"href":"https:\/\/www.europesays.com\/fr\/wp-json\/wp\/v2\/media?parent=127507"}],"wp:term":[{"taxonomy":"category","embeddable":true,"href":"https:\/\/www.europesays.com\/fr\/wp-json\/wp\/v2\/categories?post=127507"},{"taxonomy":"post_tag","embeddable":true,"href":"https:\/\/www.europesays.com\/fr\/wp-json\/wp\/v2\/tags?post=127507"}],"curies":[{"name":"wp","href":"https:\/\/api.w.org\/{rel}","templated":true}]}}