{"id":127510,"date":"2025-05-25T18:14:09","date_gmt":"2025-05-25T18:14:09","guid":{"rendered":"https:\/\/www.europesays.com\/fr\/127510\/"},"modified":"2025-05-25T18:14:09","modified_gmt":"2025-05-25T18:14:09","slug":"qui-sont-les-deux-dj-qui-animeront-la-soiree-festive-du-6-juin-2025-a-nice-pour-lancer-le-sommet-de-locean","status":"publish","type":"post","link":"https:\/\/www.europesays.com\/fr\/127510\/","title":{"rendered":"Qui sont les deux DJ qui animeront la soir\u00e9e festive du 6 juin 2025 \u00e0 Nice, pour lancer le sommet de l\u2019Oc\u00e9an?"},"content":{"rendered":"<p>La French Touch tiendra le haut de l\u2019affiche, le vendredi 6 juin, pour la soir\u00e9e \u00e9v\u00e9nement orchestr\u00e9e par la Ville de Nice pour le lancement du sommet de l\u2019Oc\u00e9an trois jours plus tard. En effet, <strong>Cassius<\/strong> sera aux platines. Mais pas seulement puisqu\u2019il partagera la sc\u00e8ne avec <strong>Agoria<\/strong>, expert \u00e8s musique \u00e9lectro. Qui sont ces deux DJ?<\/p>\n<p>On commence avec Cassius. \u00c0 l\u2019origine, c\u2019est un groupe compos\u00e9 d\u2019<a href=\"https:\/\/www.nicematin.com\/concerts\/il-propose-samedi-soir-un-dj-set-a-cap-3000-boombass-gardien-de-la-flamme-cassius-983319\" rel=\"nofollow noopener\" target=\"_blank\">Hubert Blanc-Francard dit Boombass<\/a> et de Philippe Cerboneschi que l\u2019on conna\u00eet sous le nom de Philippe Zdar. Mais le duo a perdu sa moiti\u00e9, d\u00e9c\u00e9d\u00e9e tragiquement en 2019, laissant Boombass seul. Il a finalement repris le chemin de la musique pr\u00e8s de cinq ans plus tard, pour le plus grand plaisir des m\u00e9lomanes. Il a ainsi mix\u00e9 aux c\u00f4t\u00e9s d\u2019anciens et de nouveaux de l\u2019\u00e9lectro fran\u00e7aise lors de la c\u00e9r\u00e9monie de cl\u00f4ture des Jeux Paralympiques le 8 septembre 2024. De nombreux t\u00e9l\u00e9spectateurs l\u2019ont aussi vu dans la s\u00e9rie documentaire DJ Mehdi: Made in France diffus\u00e9e sur Arte (toujours visible sur le replay d\u2019Arte).<\/p>\n<p>Sur la sc\u00e8ne le vendredi 6 juin sera aussi pr\u00e9sent Agoria \u2013 il partageait aussi avec Cassius celle de septembre dernier. \u00c0 la ville, S\u00e9bastien Devaud, 49 printemps, affiche son courant sur sa page instagram: \u00ab\u00a0electronic arts\u00a0\u00bb. On reste donc dans la musique \u00e9lectro qui fait la fiert\u00e9 fran\u00e7aise, qui s\u2019exporte et qui marche.<\/p>\n<p>Deux heures de sets<\/p>\n<p>Alors que va-t-il se passer le vendredi 6 juin? La seconde partie de soir\u00e9e (\u00e0 22h45) sera vou\u00e9e au spectacle de drones de Dronisos fort de 2025 engins, pour tenter de battre un record europ\u00e9en.<\/p>\n<p>Les artistes assureront donc la premi\u00e8re partie de soir\u00e9e. Le \u00ab\u00a0before musical\u00a0\u00bb en somme qui commencera \u00e0 20h30.<\/p>\n<p>Durant pr\u00e8s de deux heures, Cassius et Agoria vont encha\u00eener les morceaux de leurs r\u00e9pertoires respectifs et offriront aussi un set \u00e0 quatre mains, un back-to-back (B2B) pour les puristes.<\/p>\n<p>Le<a href=\"https:\/\/anneedelamer.nice.fr\/agenda\/spectacle-de-drones-inedit\/\" target=\"_blank\" rel=\"noopener nofollow\"> dance-floor sera install\u00e9<\/a> sur le quai des \u00c9tats-Unis et l\u2019acc\u00e8s sera gratuit. Une mani\u00e8re de f\u00eater en musique et les \u00e9toiles plein les yeux, l\u2019arriv\u00e9e du sommet des Nations Unies sur l\u2019Oc\u00e9an.<\/p>\n","protected":false},"excerpt":{"rendered":"La French Touch tiendra le haut de l\u2019affiche, le vendredi 6 juin, pour la soir\u00e9e \u00e9v\u00e9nement orchestr\u00e9e par&hellip;\n","protected":false},"author":2,"featured_media":127511,"comment_status":"","ping_status":"","sticky":false,"template":"","format":"standard","meta":{"footnotes":""},"categories":[2819],"tags":[1111,11,1777,674,1011,27,12,2401,882,25,3366],"class_list":{"0":"post-127510","1":"post","2":"type-post","3":"status-publish","4":"format-standard","5":"has-post-thumbnail","7":"category-nice","8":"tag-actu","9":"tag-actualites","10":"tag-eu","11":"tag-europe","12":"tag-fr","13":"tag-france","14":"tag-news","15":"tag-nice","16":"tag-provence-alpes-cote-dazur","17":"tag-republique-francaise","18":"tag-vie-locale"},"share_on_mastodon":{"url":"https:\/\/pubeurope.com\/@fr\/114569836344104017","error":""},"_links":{"self":[{"href":"https:\/\/www.europesays.com\/fr\/wp-json\/wp\/v2\/posts\/127510","targetHints":{"allow":["GET"]}}],"collection":[{"href":"https:\/\/www.europesays.com\/fr\/wp-json\/wp\/v2\/posts"}],"about":[{"href":"https:\/\/www.europesays.com\/fr\/wp-json\/wp\/v2\/types\/post"}],"author":[{"embeddable":true,"href":"https:\/\/www.europesays.com\/fr\/wp-json\/wp\/v2\/users\/2"}],"replies":[{"embeddable":true,"href":"https:\/\/www.europesays.com\/fr\/wp-json\/wp\/v2\/comments?post=127510"}],"version-history":[{"count":0,"href":"https:\/\/www.europesays.com\/fr\/wp-json\/wp\/v2\/posts\/127510\/revisions"}],"wp:featuredmedia":[{"embeddable":true,"href":"https:\/\/www.europesays.com\/fr\/wp-json\/wp\/v2\/media\/127511"}],"wp:attachment":[{"href":"https:\/\/www.europesays.com\/fr\/wp-json\/wp\/v2\/media?parent=127510"}],"wp:term":[{"taxonomy":"category","embeddable":true,"href":"https:\/\/www.europesays.com\/fr\/wp-json\/wp\/v2\/categories?post=127510"},{"taxonomy":"post_tag","embeddable":true,"href":"https:\/\/www.europesays.com\/fr\/wp-json\/wp\/v2\/tags?post=127510"}],"curies":[{"name":"wp","href":"https:\/\/api.w.org\/{rel}","templated":true}]}}