{"id":127514,"date":"2025-05-25T18:17:24","date_gmt":"2025-05-25T18:17:24","guid":{"rendered":"https:\/\/www.europesays.com\/fr\/127514\/"},"modified":"2025-05-25T18:17:24","modified_gmt":"2025-05-25T18:17:24","slug":"voiture-forcee-cartes-bancaires-et-bijoux-voles-a-nantes-un-homme-devant-la-justice-en","status":"publish","type":"post","link":"https:\/\/www.europesays.com\/fr\/127514\/","title":{"rendered":"Voiture forc\u00e9e, cartes bancaires et bijoux vol\u00e9s \u00e0 Nantes\u00a0: un homme devant la justice en"},"content":{"rendered":"<p>Il est pr\u00e8s de 4\u00a0h du matin, ce dimanche 25\u00a0mai, quand les policiers remarquent un v\u00e9hicule stationn\u00e9 quai de la Fosse, \u00e0 Nantes (Loire-Atlantique), et dont la porte arri\u00e8re est d\u00e9t\u00e9rior\u00e9e. \u00c0 l\u2019int\u00e9rieur, un Alg\u00e9rien, d\u00e9clarant \u00eatre \u00e2g\u00e9 de 17\u00a0ans, est install\u00e9 sur le si\u00e8ge conducteur. Interrog\u00e9 par les fonctionnaires, il assure s\u2019\u00eatre introduit dans le v\u00e9hicule pour y dormir.<\/p>\n<p>Il a \u00e9t\u00e9 plac\u00e9 en garde \u00e0 vue pour \u00ab\u00a0d\u00e9t\u00e9rioration\u00a0\u00bb au commissariat central de la Cit\u00e9 des ducs. Mais ce n\u2019est pas tout\u00a0: il est \u00e9galement soup\u00e7onn\u00e9 de \u00ab\u00a0vol\u00a0\u00bb et de \u00ab\u00a0d\u00e9tention de psychotropes\u00a0\u00bb. Et pour cause\u00a0: ont \u00e9t\u00e9 retrouv\u00e9s sur lui deux cartes bancaires, des bijoux fantaisie et des cachets de pr\u00e9gabaline, un m\u00e9dicament prescrit pour les douleurs neuropathiques et les crises d\u2019\u00e9pilepsie.<\/p>\n<p>Le mis en cause, lib\u00e9r\u00e9 dans la journ\u00e9e, s\u2019est vu remettre une convocation par un officier de police judiciaire (COPJ) et devra compara\u00eetre devant le tribunal en janvier prochain.<\/p>\n<p>\u00a0<\/p>\n","protected":false},"excerpt":{"rendered":"Il est pr\u00e8s de 4\u00a0h du matin, ce dimanche 25\u00a0mai, quand les policiers remarquent un v\u00e9hicule stationn\u00e9 quai&hellip;\n","protected":false},"author":2,"featured_media":127515,"comment_status":"","ping_status":"","sticky":false,"template":"","format":"standard","meta":{"footnotes":""},"categories":[2818],"tags":[1111,11,25103,5417,25102,2192,1777,674,25101,1011,27,4933,25104,303,766,12,2636,25,4752,10765],"class_list":{"0":"post-127514","1":"post","2":"type-post","3":"status-publish","4":"format-standard","5":"has-post-thumbnail","7":"category-nantes","8":"tag-actu","9":"tag-actualites","10":"tag-bancaires","11":"tag-bijoux","12":"tag-cartes","13":"tag-cholet","14":"tag-eu","15":"tag-europe","16":"tag-forcee","17":"tag-fr","18":"tag-france","19":"tag-homme","20":"tag-janvier","21":"tag-justice","22":"tag-nantes","23":"tag-news","24":"tag-pays-de-la-loire","25":"tag-republique-francaise","26":"tag-voiture","27":"tag-voles"},"share_on_mastodon":{"url":"https:\/\/pubeurope.com\/@fr\/114569848002073906","error":""},"_links":{"self":[{"href":"https:\/\/www.europesays.com\/fr\/wp-json\/wp\/v2\/posts\/127514","targetHints":{"allow":["GET"]}}],"collection":[{"href":"https:\/\/www.europesays.com\/fr\/wp-json\/wp\/v2\/posts"}],"about":[{"href":"https:\/\/www.europesays.com\/fr\/wp-json\/wp\/v2\/types\/post"}],"author":[{"embeddable":true,"href":"https:\/\/www.europesays.com\/fr\/wp-json\/wp\/v2\/users\/2"}],"replies":[{"embeddable":true,"href":"https:\/\/www.europesays.com\/fr\/wp-json\/wp\/v2\/comments?post=127514"}],"version-history":[{"count":0,"href":"https:\/\/www.europesays.com\/fr\/wp-json\/wp\/v2\/posts\/127514\/revisions"}],"wp:featuredmedia":[{"embeddable":true,"href":"https:\/\/www.europesays.com\/fr\/wp-json\/wp\/v2\/media\/127515"}],"wp:attachment":[{"href":"https:\/\/www.europesays.com\/fr\/wp-json\/wp\/v2\/media?parent=127514"}],"wp:term":[{"taxonomy":"category","embeddable":true,"href":"https:\/\/www.europesays.com\/fr\/wp-json\/wp\/v2\/categories?post=127514"},{"taxonomy":"post_tag","embeddable":true,"href":"https:\/\/www.europesays.com\/fr\/wp-json\/wp\/v2\/tags?post=127514"}],"curies":[{"name":"wp","href":"https:\/\/api.w.org\/{rel}","templated":true}]}}