{"id":127523,"date":"2025-05-25T18:22:11","date_gmt":"2025-05-25T18:22:11","guid":{"rendered":"https:\/\/www.europesays.com\/fr\/127523\/"},"modified":"2025-05-25T18:22:11","modified_gmt":"2025-05-25T18:22:11","slug":"dimanche-22-juin-2025-le-theatre-du-casino-barriere-lille-accueillera-le-concert-urban-legends","status":"publish","type":"post","link":"https:\/\/www.europesays.com\/fr\/127523\/","title":{"rendered":"Dimanche 22 juin 2025, le Th\u00e9\u00e2tre du Casino Barri\u00e8re Lille accueillera le concert \u00ab\u00a0Urban Legends\u00a0\u00bb"},"content":{"rendered":"<p style=\"text-align: justify;\"><strong>Dimanche 22 juin 2025 \u00e0 18h, le Th\u00e9\u00e2tre du Casino Barri\u00e8re Lille <\/strong>accueillera le <strong>concert <\/strong><strong>\u00ab\u00a0Urban Legends\u00a0\u00bb.<\/strong><\/p>\n<p>Concert \u00ab\u00a0Urban Legends\u00a0\u00bb<\/p>\n<p><strong>Avis \u00e0 tous les nostalgiques des ann\u00e9es 2000 !<\/strong><\/p>\n<p><strong>Stomy Bugsy, L\u00e2\u00e2m, Amine, Assia<\/strong> <strong>se r\u00e9unissent lors d\u2019une soir\u00e9e exceptionnelle.<\/strong><\/p>\n<p><strong>Replongez dans vos souvenirs<\/strong> gr\u00e2ce \u00e0 leurs<strong> hits embl\u00e9matiques, interpr\u00e9t\u00e9s par les artistes originaux.<\/strong><\/p>\n<p>Pr\u00eats \u00e0 remonter le temps ?<\/p>\n<p><b> Premi\u00e8re partie : <\/b><strong>Matthew Peter<\/strong><b> <\/b><\/p>\n<p><img loading=\"lazy\" decoding=\"async\" width=\"682\" height=\"1024\" src=\"https:\/\/www.europesays.com\/fr\/wp-content\/uploads\/2025\/05\/casino_barriere_lille_urban_legends_02-682x1024.jpg\" alt=\"\" class=\"wp-image-85074\" style=\"aspect-ratio:0.666015625;width:350px\"  \/><\/p>\n<p><img loading=\"lazy\" decoding=\"async\" width=\"9\" height=\"9\" src=\"https:\/\/www.europesays.com\/fr\/wp-content\/uploads\/2025\/04\/1744722321_833_arrow.png\" alt=\"Puce\"\/> <strong>Tarif<\/strong> : \u00e0 partir de 22\u20ac<\/p>\n<p><img loading=\"lazy\" decoding=\"async\" width=\"9\" height=\"9\" src=\"https:\/\/www.europesays.com\/fr\/wp-content\/uploads\/2025\/04\/1744722321_833_arrow.png\" alt=\"Puce\"\/> <a href=\"https:\/\/www.casinosbarriere.com\/lille\/spectacle\/urban-legends-lille\" target=\"_blank\" rel=\"noreferrer noopener\">Site internet du Casino Barri\u00e8re Lille<\/a><\/p>\n<p class=\"has-text-align-right\">Source : Casino Barri\u00e8re Lille \u2013 Photo : DR<\/p>\n","protected":false},"excerpt":{"rendered":"Dimanche 22 juin 2025 \u00e0 18h, le Th\u00e9\u00e2tre du Casino Barri\u00e8re Lille accueillera le concert \u00ab\u00a0Urban Legends\u00a0\u00bb. Concert&hellip;\n","protected":false},"author":2,"featured_media":127524,"comment_status":"","ping_status":"","sticky":false,"template":"","format":"standard","meta":{"footnotes":""},"categories":[2815],"tags":[1111,11,25105,25106,13249,1697,1777,674,1011,27,811,25107,1307,25108,12,25,25109,25110],"class_list":{"0":"post-127523","1":"post","2":"type-post","3":"status-publish","4":"format-standard","5":"has-post-thumbnail","7":"category-lille","8":"tag-actu","9":"tag-actualites","10":"tag-amine","11":"tag-assia","12":"tag-casino-barriere-lille","13":"tag-concert","14":"tag-eu","15":"tag-europe","16":"tag-fr","17":"tag-france","18":"tag-hauts-de-france","19":"tag-laam","20":"tag-lille","21":"tag-matthew-peter","22":"tag-news","23":"tag-republique-francaise","24":"tag-stomy-bugsy","25":"tag-urban-legends"},"share_on_mastodon":{"url":"https:\/\/pubeurope.com\/@fr\/114569867837952415","error":""},"_links":{"self":[{"href":"https:\/\/www.europesays.com\/fr\/wp-json\/wp\/v2\/posts\/127523","targetHints":{"allow":["GET"]}}],"collection":[{"href":"https:\/\/www.europesays.com\/fr\/wp-json\/wp\/v2\/posts"}],"about":[{"href":"https:\/\/www.europesays.com\/fr\/wp-json\/wp\/v2\/types\/post"}],"author":[{"embeddable":true,"href":"https:\/\/www.europesays.com\/fr\/wp-json\/wp\/v2\/users\/2"}],"replies":[{"embeddable":true,"href":"https:\/\/www.europesays.com\/fr\/wp-json\/wp\/v2\/comments?post=127523"}],"version-history":[{"count":0,"href":"https:\/\/www.europesays.com\/fr\/wp-json\/wp\/v2\/posts\/127523\/revisions"}],"wp:featuredmedia":[{"embeddable":true,"href":"https:\/\/www.europesays.com\/fr\/wp-json\/wp\/v2\/media\/127524"}],"wp:attachment":[{"href":"https:\/\/www.europesays.com\/fr\/wp-json\/wp\/v2\/media?parent=127523"}],"wp:term":[{"taxonomy":"category","embeddable":true,"href":"https:\/\/www.europesays.com\/fr\/wp-json\/wp\/v2\/categories?post=127523"},{"taxonomy":"post_tag","embeddable":true,"href":"https:\/\/www.europesays.com\/fr\/wp-json\/wp\/v2\/tags?post=127523"}],"curies":[{"name":"wp","href":"https:\/\/api.w.org\/{rel}","templated":true}]}}