{"id":127529,"date":"2025-05-25T18:26:09","date_gmt":"2025-05-25T18:26:09","guid":{"rendered":"https:\/\/www.europesays.com\/fr\/127529\/"},"modified":"2025-05-25T18:26:09","modified_gmt":"2025-05-25T18:26:09","slug":"un-homme-entre-la-vie-et-la-mort-apres-une-agression","status":"publish","type":"post","link":"https:\/\/www.europesays.com\/fr\/127529\/","title":{"rendered":"un homme entre la vie et la mort apr\u00e8s une agression"},"content":{"rendered":"<p>            Par<br \/>\n        <strong><br \/>\n            <a href=\"https:\/\/actu.fr\/auteur\/redaction-lyon\" title=\"Consulter tous les articles de R\u00e9daction Lyon\" rel=\"nofollow noopener\" target=\"_blank\">R\u00e9daction Lyon<\/a><br \/>\n        <\/strong><\/p>\n<p>        Publi\u00e9 le<\/p>\n<p>            25 mai 2025 \u00e0 20h22<br \/>\n        ; mis \u00e0 jour le 25 mai 2025 \u00e0 20h24    <\/p>\n<p>Drame dans le m\u00e9tro de <a href=\"https:\/\/actu.fr\/auvergne-rhone-alpes\/lyon_69123\" rel=\"nofollow noopener\" target=\"_blank\">Lyon<\/a>. Un homme a \u00e9t\u00e9 poignard\u00e9 dans le m\u00e9tro de la ligne D du <a href=\"https:\/\/actu.fr\/tag\/transports-en-commun-lyonnais-tcl\" rel=\"nofollow noopener\" target=\"_blank\">r\u00e9seau TCL<\/a> dans la nuit de samedi \u00e0 dimanche 25 mai 2025 dans le quartier de la <a href=\"https:\/\/actu.fr\/tag\/guillotiere\" rel=\"nofollow noopener\" target=\"_blank\">Guilloti\u00e8re<\/a> (7e arrondissement).<\/p>\n<p class=\" wall-content\">La victime a \u00e9t\u00e9 <strong>retrouv\u00e9e poignard\u00e9e dans la station Guilloti\u00e8re-Gabriel P\u00e9ri<\/strong> au niveau d\u2019une passerelle d\u2019acc\u00e8s aux quais vers 0h30, a appris actu Lyon ce dimanche confirmant une information du <a href=\"https:\/\/www.leprogres.fr\/faits-divers-justice\/2025\/05\/25\/un-jeune-homme-entre-la-vie-et-la-mort-apres-une-agression-dans-une-station-de-metro-a-guillotiere\" rel=\"nofollow noopener\" target=\"_blank\">Progr\u00e8s<\/a>.<\/p>\n<p>La victime entre la vie et la mort<\/p>\n<p class=\" wall-content\">Selon nos informations, la victime se trouve entre la vie et la mort et a \u00e9t\u00e9 transport\u00e9e vers un h\u00f4pital avec un <strong>pronostic vital engag\u00e9<\/strong>. Elle avait au moins une plaie au thorax.\u00a0<\/p>\n<p class=\" wall-content\">Il n\u2019y a pas encore eu d\u2019interpellation dans cette affaire, l\u2019auteur ou les auteurs sont toujours en fuite.<\/p>\n<p class=\" wall-content\">Un <strong>couteau a \u00e9t\u00e9 retrouv\u00e9 \u00e0 proximit\u00e9<\/strong> laissant penser que l\u2019homme a \u00e9t\u00e9 poignard\u00e9 dans la station de m\u00e9tro. Une enqu\u00eate de police est ouverte. La vid\u00e9osurveillance pr\u00e9sente dans la station, dans les rames et \u00e0 proximit\u00e9 dans le quartier pourront aider les enqu\u00eateurs de la police nationale en charge des investigations.<\/p>\n<p class=\" wall-content\">Suivez toute l\u2019actualit\u00e9 de vos villes et m\u00e9dias favoris en vous inscrivant \u00e0 <a href=\"https:\/\/moncompte.actu.fr\" title=\"D\u00e9couvez Mon Actu\" rel=\"nofollow noopener\" data-trk=\"{&quot;cta&quot;:{&quot;action&quot;:&quot;https:\\\/\\\/moncompte.actu.fr&quot;,&quot;category&quot;:&quot;mon compte&quot;,&quot;from&quot;:&quot;article footer&quot;,&quot;name&quot;:&quot;Mon actu&quot;,&quot;type&quot;:&quot;cta&quot;}}\" target=\"_blank\">Mon Actu<\/a>.<\/p>\n","protected":false},"excerpt":{"rendered":"Par R\u00e9daction Lyon Publi\u00e9 le 25 mai 2025 \u00e0 20h22 ; mis \u00e0 jour le 25 mai 2025&hellip;\n","protected":false},"author":2,"featured_media":127530,"comment_status":"","ping_status":"","sticky":false,"template":"","format":"standard","meta":{"footnotes":""},"categories":[1889],"tags":[1111,11,2430,1777,674,118,1011,27,23173,2428,12,1072,25,5787],"class_list":{"0":"post-127529","1":"post","2":"type-post","3":"status-publish","4":"format-standard","5":"has-post-thumbnail","7":"category-lyon","8":"tag-actu","9":"tag-actualites","10":"tag-auvergne-rhone-alpes","11":"tag-eu","12":"tag-europe","13":"tag-faits-divers","14":"tag-fr","15":"tag-france","16":"tag-guillotiere","17":"tag-lyon","18":"tag-news","19":"tag-police","20":"tag-republique-francaise","21":"tag-transports-en-commun-lyonnais-tcl"},"share_on_mastodon":{"url":"https:\/\/pubeurope.com\/@fr\/114569883520715964","error":""},"_links":{"self":[{"href":"https:\/\/www.europesays.com\/fr\/wp-json\/wp\/v2\/posts\/127529","targetHints":{"allow":["GET"]}}],"collection":[{"href":"https:\/\/www.europesays.com\/fr\/wp-json\/wp\/v2\/posts"}],"about":[{"href":"https:\/\/www.europesays.com\/fr\/wp-json\/wp\/v2\/types\/post"}],"author":[{"embeddable":true,"href":"https:\/\/www.europesays.com\/fr\/wp-json\/wp\/v2\/users\/2"}],"replies":[{"embeddable":true,"href":"https:\/\/www.europesays.com\/fr\/wp-json\/wp\/v2\/comments?post=127529"}],"version-history":[{"count":0,"href":"https:\/\/www.europesays.com\/fr\/wp-json\/wp\/v2\/posts\/127529\/revisions"}],"wp:featuredmedia":[{"embeddable":true,"href":"https:\/\/www.europesays.com\/fr\/wp-json\/wp\/v2\/media\/127530"}],"wp:attachment":[{"href":"https:\/\/www.europesays.com\/fr\/wp-json\/wp\/v2\/media?parent=127529"}],"wp:term":[{"taxonomy":"category","embeddable":true,"href":"https:\/\/www.europesays.com\/fr\/wp-json\/wp\/v2\/categories?post=127529"},{"taxonomy":"post_tag","embeddable":true,"href":"https:\/\/www.europesays.com\/fr\/wp-json\/wp\/v2\/tags?post=127529"}],"curies":[{"name":"wp","href":"https:\/\/api.w.org\/{rel}","templated":true}]}}