{"id":127531,"date":"2025-05-25T18:27:09","date_gmt":"2025-05-25T18:27:09","guid":{"rendered":"https:\/\/www.europesays.com\/fr\/127531\/"},"modified":"2025-05-25T18:27:09","modified_gmt":"2025-05-25T18:27:09","slug":"quelles-suites-aux-deux-gardes-a-vue","status":"publish","type":"post","link":"https:\/\/www.europesays.com\/fr\/127531\/","title":{"rendered":"quelles suites aux deux gardes \u00e0 vue\u00a0?"},"content":{"rendered":"<p>Le Carnaval des pentes, organis\u00e9 par l\u2019ultra-gauche malgr\u00e9 une interdiction de l\u2019\u00e9v\u00e9nement par la pr\u00e9fecture, a conduit 650 manifestants (chiffre pr\u00e9fecture) \u00e0 d\u00e9ferler vendredi soir sur les pentes de la Croix-Rousse (Lyon 4e). Le rassemblement s\u2019est traduit par <a href=\"https:\/\/www.leprogres.fr\/faits-divers-justice\/2025\/05\/23\/feux-de-poubelles-et-cortege-sauvage-le-carnaval-des-pentes-degenere-a-la-croix-rousse\" target=\"_blank\" rel=\"nofollow noopener\">quelques d\u00e9bordements<\/a>, avec au moins deux poubelles incendi\u00e9es, des conteneurs \u00e0 verre renvers\u00e9s ou encore des jeunes montant sur le toit d\u2019un lyc\u00e9e.<\/p>\n<p>Deux suspects ont \u00e9t\u00e9 interpell\u00e9s au cours de la soir\u00e9e pour outrage et jet de projectile. \u00c0 l\u2019issue des gardes \u00e0 vue, ils ont fait l\u2019objet d\u2019une composition p\u00e9nale et d\u2019une ordonnance p\u00e9nale d\u00e9lictuelle, a appris Le Progr\u00e8s.<\/p>\n","protected":false},"excerpt":{"rendered":"Le Carnaval des pentes, organis\u00e9 par l\u2019ultra-gauche malgr\u00e9 une interdiction de l\u2019\u00e9v\u00e9nement par la pr\u00e9fecture, a conduit 650&hellip;\n","protected":false},"author":2,"featured_media":127532,"comment_status":"","ping_status":"","sticky":false,"template":"","format":"standard","meta":{"footnotes":""},"categories":[1889],"tags":[1111,11,2430,271,272,2757,1777,674,274,107,1011,27,2428,2756,12,25,2429],"class_list":{"0":"post-127531","1":"post","2":"type-post","3":"status-publish","4":"format-standard","5":"has-post-thumbnail","7":"category-lyon","8":"tag-actu","9":"tag-actualites","10":"tag-auvergne-rhone-alpes","11":"tag-crime","12":"tag-delit-et-contravention","13":"tag-edition-lyon-villeurbanne","14":"tag-eu","15":"tag-europe","16":"tag-faits-divers-justice","17":"tag-fil-info","18":"tag-fr","19":"tag-france","20":"tag-lyon","21":"tag-lyon-bassin","22":"tag-news","23":"tag-republique-francaise","24":"tag-rhone"},"share_on_mastodon":{"url":"https:\/\/pubeurope.com\/@fr\/114569887247895437","error":""},"_links":{"self":[{"href":"https:\/\/www.europesays.com\/fr\/wp-json\/wp\/v2\/posts\/127531","targetHints":{"allow":["GET"]}}],"collection":[{"href":"https:\/\/www.europesays.com\/fr\/wp-json\/wp\/v2\/posts"}],"about":[{"href":"https:\/\/www.europesays.com\/fr\/wp-json\/wp\/v2\/types\/post"}],"author":[{"embeddable":true,"href":"https:\/\/www.europesays.com\/fr\/wp-json\/wp\/v2\/users\/2"}],"replies":[{"embeddable":true,"href":"https:\/\/www.europesays.com\/fr\/wp-json\/wp\/v2\/comments?post=127531"}],"version-history":[{"count":0,"href":"https:\/\/www.europesays.com\/fr\/wp-json\/wp\/v2\/posts\/127531\/revisions"}],"wp:featuredmedia":[{"embeddable":true,"href":"https:\/\/www.europesays.com\/fr\/wp-json\/wp\/v2\/media\/127532"}],"wp:attachment":[{"href":"https:\/\/www.europesays.com\/fr\/wp-json\/wp\/v2\/media?parent=127531"}],"wp:term":[{"taxonomy":"category","embeddable":true,"href":"https:\/\/www.europesays.com\/fr\/wp-json\/wp\/v2\/categories?post=127531"},{"taxonomy":"post_tag","embeddable":true,"href":"https:\/\/www.europesays.com\/fr\/wp-json\/wp\/v2\/tags?post=127531"}],"curies":[{"name":"wp","href":"https:\/\/api.w.org\/{rel}","templated":true}]}}