{"id":127533,"date":"2025-05-25T18:30:08","date_gmt":"2025-05-25T18:30:08","guid":{"rendered":"https:\/\/www.europesays.com\/fr\/127533\/"},"modified":"2025-05-25T18:30:08","modified_gmt":"2025-05-25T18:30:08","slug":"complement-denquete-se-penche-sur-rachida-dati","status":"publish","type":"post","link":"https:\/\/www.europesays.com\/fr\/127533\/","title":{"rendered":"Compl\u00e9ment d&rsquo;enqu\u00eate se penche sur Rachida Dati"},"content":{"rendered":"<p>            Par<br \/>\n        <strong><br \/>\n            <a href=\"https:\/\/actu.fr\/auteur\/thomas-martin\" title=\"Consulter tous les articles de Thomas Martin\" rel=\"nofollow noopener\" target=\"_blank\">Thomas Martin<\/a><br \/>\n        <\/strong><\/p>\n<p>        Publi\u00e9 le<\/p>\n<p>            25 mai 2025 \u00e0 19h32        <\/p>\n<p><a href=\"https:\/\/actu.fr\/politique\/complement-d-enquete-sur-jordan-bardella-ce-que-revele-le-reportage-de-france-2_60581790.html\" rel=\"nofollow noopener\" target=\"_blank\">Jordan Bardella<\/a>, <a href=\"https:\/\/actu.fr\/tag\/jean-luc-melenchon\" rel=\"nofollow noopener\" target=\"_blank\">Jean-Luc M\u00e9lenchon<\/a>\u00a0et bient\u00f4t <a href=\"https:\/\/actu.fr\/tag\/rachida-dati\" rel=\"nofollow noopener\" target=\"_blank\">Rachida Dati<\/a>. \u00ab\u00a0<a href=\"https:\/\/actu.fr\/ile-de-france\/paris_75056\/psg-affaires-judiciaires-conflit-d-interets-complement-d-enquete-s-attaque-au-systeme-nasser-al-khelaifi_62427898.html\" rel=\"nofollow noopener\" target=\"_blank\">Compl\u00e9ment d\u2019enqu\u00eate\u00a0\u00bb<\/a> s\u2019int\u00e9resse r\u00e9guli\u00e8rement aux hommes et femmes politiques. Jeudi 5 juin, \u00e0 23h, l\u2019\u00e9mission de France 2 sera donc consacr\u00e9e \u00e0 la <a href=\"https:\/\/actu.fr\/ile-de-france\/paris_75056\/rachida-dati-la-maire-du-7e-arrondissement-de-paris-reste-ministre-de-la-culture-pour-la-troisieme-fois_62037506.html\" rel=\"nofollow noopener\" target=\"_blank\">ministre de la Culture<\/a>, maire du 7e arrondissement, qui r\u00eave de succ\u00e9der \u00e0 <a href=\"https:\/\/actu.fr\/tag\/anne-hidalgo\" rel=\"nofollow noopener\" target=\"_blank\">Anne Hidalgo<\/a> \u00e0 la t\u00eate de la <a href=\"https:\/\/actu.fr\/tag\/mairie-de-paris\" rel=\"nofollow noopener\" target=\"_blank\">mairie de Paris<\/a> en 2026.\u00a0<\/p>\n<p>Les dossiers judiciaires de Rachida Dati<\/p>\n<p class=\" wall-content\">Selon une m\u00e9thode bien huil\u00e9e, \u00ab\u00a0Compl\u00e9ment d\u2019Enqu\u00eate\u00a0\u00bb, pr\u00e9sent\u00e9e par Tristan Waleckx, a travaill\u00e9 pendant des mois sur cette figure des ann\u00e9es <a href=\"https:\/\/actu.fr\/tag\/nicolas-sarkozy\" rel=\"nofollow noopener\" target=\"_blank\">Sarkozy<\/a> \u00e0 l\u2019ascension fulgurante afin de montrer ses r\u00e9ussites et ses \u00e9checs. France T\u00e9l\u00e9visions indique dans un communiqu\u00e9 qu\u2019\u00e0 cette occasion les journalistes ont \u00ab\u00a0interview\u00e9 ses soutiens les plus fid\u00e8les et ses \u00e9ternels opposants\u00a0\u00bb.<\/p>\n<p class=\" wall-content\">\u00ab\u00a0En partenariat avec Le Nouvel Obs, \u00ab\u00a0Compl\u00e9ment d\u2019enqu\u00eate\u00a0\u00bb s\u2019est aussi plong\u00e9 dans ses dossiers judicaires\u00a0\u00bb, annonce la cha\u00eene qui va ravir la ministre de la Culture. <a href=\"https:\/\/actu.fr\/politique\/affaire-renault-nissan-mise-en-examen-de-rachida-dati-pour-corruption-passive_43752633.html\" rel=\"nofollow noopener\" target=\"_blank\">Mise en examen<\/a> pour corruption passive et trafic d\u2019influence depuis 2021, cette derni\u00e8re est accus\u00e9e d\u2019avoir profit\u00e9 de son mandat de d\u00e9put\u00e9e europ\u00e9enne pour faire du lobbying pour le groupe Renault-Nissan, en \u00e9change de 900 000 euros vers\u00e9s entre 2010 et 2012. La ministre r\u00e9fute en bloc toutes les accusations.<\/p>\n<p class=\" wall-content\">\u00ab\u00a0Pour quelles missions exactement a-t-elle \u00e9t\u00e9 r\u00e9mun\u00e9r\u00e9e par l\u2019entreprise alors dirig\u00e9e par Carlos Ghosn, lui aussi aux prises avec la justice ? Pourquoi les enqu\u00eateurs la soup\u00e7onnent-ils d\u2019avoir us\u00e9 de son mandat \u00e0 des fins ill\u00e9gales ?\u00a0\u00bb, interroge l\u2019\u00e9mission aux c\u00e9l\u00e8bres fauteuils rouges.\u00a0<\/p>\n<p>    <a href=\"https:\/\/email.publihebdos.com\/form?lid=Mqc7o19yVDtMEo2FE8aUtw2\" title=\"Ouvrie le lien\" rel=\"nofollow noopener\" target=\"_blank\">Cliquez ici pour visualiser le contenu<\/a><\/p>\n<p>Vid\u00e9os : en ce moment sur Actu<\/p>\n<p class=\" wall-content\">France TV promet\u00a0 des \u00ab\u00a0documents in\u00e9dits, t\u00e9moignages chocs et r\u00e9v\u00e9lations sur ses secrets les mieux gard\u00e9s\u00a0\u00bb.\u00a0<\/p>\n<p class=\" wall-content\"><a href=\"https:\/\/tvmag.lefigaro.fr\/programme-tv\/actu-tele\/un-complement-d-enquete-sur-rachida-dati-bientot-diffuse-sur-france-2-20250525\" rel=\"nofollow noopener\" target=\"_blank\">TV Magazine<\/a> rappelle qu\u2019en janvier 2024, le directeur de l\u2019information chez France T\u00e9l\u00e9visons, Alexandre Kara, avait demand\u00e9 que \u00ab\u00a0l\u2019enqu\u00eate sur Rachida Dati soit mise en pause, et plus largement toutes celles d\u00e9di\u00e9es aux personnalit\u00e9s de la sph\u00e8re politique et ce, jusqu\u2019aux \u00e9lections europ\u00e9ennes\u00a0\u00bb. La Soci\u00e9t\u00e9 des Journaliste du groupe s\u2019\u00e9tait indign\u00e9e de cette d\u00e9cision et avait obtenu gain de cause, obtenant que soit diffus\u00e9e, le 24 avril 2025, une enqu\u00eate \u00e9v\u00e9nement consacr\u00e9e \u00e0 Jean-Luc M\u00e9lenchon.<\/p>\n<p class=\" wall-content\">Suivez toute l\u2019actualit\u00e9 de vos villes et m\u00e9dias favoris en vous inscrivant \u00e0 <a href=\"https:\/\/moncompte.actu.fr\" title=\"D\u00e9couvez Mon Actu\" rel=\"nofollow noopener\" data-trk=\"{&quot;cta&quot;:{&quot;action&quot;:&quot;https:\\\/\\\/moncompte.actu.fr&quot;,&quot;category&quot;:&quot;mon compte&quot;,&quot;from&quot;:&quot;article footer&quot;,&quot;name&quot;:&quot;Mon actu&quot;,&quot;type&quot;:&quot;cta&quot;}}\" target=\"_blank\">Mon Actu<\/a>.<\/p>\n","protected":false},"excerpt":{"rendered":"Par Thomas Martin Publi\u00e9 le 25 mai 2025 \u00e0 19h32 Jordan Bardella, Jean-Luc M\u00e9lenchon\u00a0et bient\u00f4t Rachida Dati. \u00ab\u00a0Compl\u00e9ment&hellip;\n","protected":false},"author":2,"featured_media":119281,"comment_status":"","ping_status":"","sticky":false,"template":"","format":"standard","meta":{"footnotes":""},"categories":[1888],"tags":[1111,1928,11,1927,4188,1777,674,1011,27,3434,12,1926,626,1925,316,417,25,252],"class_list":{"0":"post-127533","1":"post","2":"type-post","3":"status-publish","4":"format-standard","5":"has-post-thumbnail","7":"category-paris","8":"tag-actu","9":"tag-actu-paris","10":"tag-actualites","11":"tag-actualites-paris","12":"tag-elections-municipales","13":"tag-eu","14":"tag-europe","15":"tag-fr","16":"tag-france","17":"tag-municipales-2026","18":"tag-news","19":"tag-news-paris","20":"tag-paris","21":"tag-paris-news","22":"tag-politique","23":"tag-rachida-dati","24":"tag-republique-francaise","25":"tag-television"},"share_on_mastodon":{"url":"https:\/\/pubeurope.com\/@fr\/114569899171965341","error":""},"_links":{"self":[{"href":"https:\/\/www.europesays.com\/fr\/wp-json\/wp\/v2\/posts\/127533","targetHints":{"allow":["GET"]}}],"collection":[{"href":"https:\/\/www.europesays.com\/fr\/wp-json\/wp\/v2\/posts"}],"about":[{"href":"https:\/\/www.europesays.com\/fr\/wp-json\/wp\/v2\/types\/post"}],"author":[{"embeddable":true,"href":"https:\/\/www.europesays.com\/fr\/wp-json\/wp\/v2\/users\/2"}],"replies":[{"embeddable":true,"href":"https:\/\/www.europesays.com\/fr\/wp-json\/wp\/v2\/comments?post=127533"}],"version-history":[{"count":0,"href":"https:\/\/www.europesays.com\/fr\/wp-json\/wp\/v2\/posts\/127533\/revisions"}],"wp:featuredmedia":[{"embeddable":true,"href":"https:\/\/www.europesays.com\/fr\/wp-json\/wp\/v2\/media\/119281"}],"wp:attachment":[{"href":"https:\/\/www.europesays.com\/fr\/wp-json\/wp\/v2\/media?parent=127533"}],"wp:term":[{"taxonomy":"category","embeddable":true,"href":"https:\/\/www.europesays.com\/fr\/wp-json\/wp\/v2\/categories?post=127533"},{"taxonomy":"post_tag","embeddable":true,"href":"https:\/\/www.europesays.com\/fr\/wp-json\/wp\/v2\/tags?post=127533"}],"curies":[{"name":"wp","href":"https:\/\/api.w.org\/{rel}","templated":true}]}}