{"id":127542,"date":"2025-05-25T18:35:09","date_gmt":"2025-05-25T18:35:09","guid":{"rendered":"https:\/\/www.europesays.com\/fr\/127542\/"},"modified":"2025-05-25T18:35:09","modified_gmt":"2025-05-25T18:35:09","slug":"festival-de-cannes-frappes-meurtrieres-en-ukraine-et-a-gaza-roland-garros-et-la-colere-des-taxis-lactu-de-ce-week-end-liberation","status":"publish","type":"post","link":"https:\/\/www.europesays.com\/fr\/127542\/","title":{"rendered":"Festival de Cannes, frappes meurtri\u00e8res en Ukraine et \u00e0 Gaza, Roland-Garros et la col\u00e8re des taxis&#8230; L\u2019actu de ce week-end \u2013 Lib\u00e9ration"},"content":{"rendered":"<p class=\"sc-ksZaOG ehjQrN text-element\">Chaque dimanche, la r\u00e9daction de Lib\u00e9 s\u00e9lectionne les actualit\u00e9s du week-end qu\u2019il ne fallait pas rater en France et dans le reste du monde.<\/p>\n<p class=\"sc-ksZaOG ehjQrN text-element\">Le jury de la 78e \u00e9dition, pr\u00e9sid\u00e9 par Juliette Binoche, a accouch\u00e9 d\u2019un palmar\u00e8s m\u00ealant gestes forts et lots de consolation, et <a href=\"https:\/\/www.liberation.fr\/culture\/cinema\/festival-de-cannes-2025-jafar-panahi-le-sacre-dun-dissident-obstine-20250524_7VE3UK4USBHCNKJA6XJVZ33FRU\/\" target=\"_blank\" rel=\"noreferrer nofollow noopener\" title=\"https:\/\/www.liberation.fr\/culture\/cinema\/festival-de-cannes-2025-jafar-panahi-le-sacre-dun-dissident-obstine-20250524_7VE3UK4USBHCNKJA6XJVZ33FRU\/\">r\u00e9compens\u00e9 le cin\u00e9aste iranien<\/a>, r\u00e9alisateur d\u2019Un simple accident. Retrouvez <a href=\"https:\/\/www.liberation.fr\/culture\/cinema\/festival-de-cannes-2025-suivez-le-palmares-en-direct-20250524_OZYBNG6SLJD5DAOTQEBZGQSYQ4\/\" target=\"_blank\" rel=\"noreferrer nofollow noopener\" title=\"https:\/\/www.liberation.fr\/culture\/cinema\/festival-de-cannes-2025-suivez-le-palmares-en-direct-20250524_OZYBNG6SLJD5DAOTQEBZGQSYQ4\/\">le palmar\u00e8s complet<\/a> du Festival de Cannes 2025.<\/p>\n<p class=\"sc-ksZaOG ehjQrN text-element\">L\u2019Ukraine a subi <a href=\"https:\/\/www.liberation.fr\/international\/europe\/une-nuit-de-terreur-dans-la-region-de-kyiv-au-moins-douze-morts-en-ukraine-apres-des-frappes-russes-20250525_OE75BORQXFHWZLNPLK7ZVJ6NYA\/\" target=\"_blank\" rel=\"noreferrer nofollow noopener\" title=\"https:\/\/www.liberation.fr\/international\/europe\/une-nuit-de-terreur-dans-la-region-de-kyiv-au-moins-douze-morts-en-ukraine-apres-des-frappes-russes-20250525_OE75BORQXFHWZLNPLK7ZVJ6NYA\/\">une nouvelle attaque a\u00e9rienne<\/a> massive t\u00f4t dimanche matin, qui a fait au moins douze morts, tandis qu\u2019\u00e0 Moscou des drones ukrainiens ont contraint des a\u00e9roports \u00e0 des fermetures temporaires. Dans une <a href=\"https:\/\/www.liberation.fr\/international\/europe\/andriy-sybiha-ministre-ukrainien-des-affaires-etrangeres-nous-voulons-vraiment-mettre-fin-a-la-guerre-cette-annee-20250525_SQVMZLGC35C3JJCOTQ6UV2D5EY\/\" target=\"_blank\" rel=\"noreferrer nofollow noopener\" title=\"https:\/\/www.liberation.fr\/international\/europe\/andriy-sybiha-ministre-ukrainien-des-affaires-etrangeres-nous-voulons-vraiment-mettre-fin-a-la-guerre-cette-annee-20250525_SQVMZLGC35C3JJCOTQ6UV2D5EY\/\">premi\u00e8re interview exclusive \u00e0 Lib\u00e9ration<\/a>, le chef de la diplomatie ukrainienne l\u00e8ve le voile sur les n\u00e9gociations avec la Russie en Turquie et explique pourquoi il est si important de conserver le soutien des Etats-Unis.<\/p>\n<p class=\"sc-ksZaOG ehjQrN text-element\">La D\u00e9fense civile de <a href=\"https:\/\/www.liberation.fr\/international\/europe\/gaza-malgre-les-pressions-europeennes-israel-poursuit-les-bombardements-20250521_3NTHCYORLVE3RD5PBRAENHL3ZI\/\" target=\"_blank\" rel=\"nofollow noopener\" title=\"https:\/\/www.liberation.fr\/international\/europe\/gaza-malgre-les-pressions-europeennes-israel-poursuit-les-bombardements-20250521_3NTHCYORLVE3RD5PBRAENHL3ZI\/\">la bande de Gaza<\/a> a annonc\u00e9 dimanche dans la matin\u00e9e <a href=\"https:\/\/www.liberation.fr\/international\/moyen-orient\/gaza-22-morts-dont-une-femme-enceinte-et-des-enfants-dans-de-nouvelles-frappes-israeliennes-20250525_TL5NNTTNTREY3KAECLTTRFET7Q\/\" target=\"_blank\" rel=\"noreferrer nofollow noopener\" title=\"https:\/\/www.liberation.fr\/international\/moyen-orient\/gaza-22-morts-dont-une-femme-enceinte-et-des-enfants-dans-de-nouvelles-frappes-israeliennes-20250525_TL5NNTTNTREY3KAECLTTRFET7Q\/\">la mort de 22 personnes<\/a>, dont une femme enceinte et des enfants, dans des frappes a\u00e9riennes nocturnes dans le centre et le nord du territoire palestinien assi\u00e9g\u00e9, o\u00f9 <a href=\"https:\/\/www.liberation.fr\/checknews\/avraham-zarbiv-laplatisseur-de-jabalia-visage-de-la-destruction-systematique-de-gaza-20250524_HAEINCOZTJEFTMLZJ3ITHCOC3I\/\" target=\"_blank\" rel=\"nofollow noopener\" title=\"https:\/\/www.liberation.fr\/checknews\/avraham-zarbiv-laplatisseur-de-jabalia-visage-de-la-destruction-systematique-de-gaza-20250524_HAEINCOZTJEFTMLZJ3ITHCOC3I\/\">Isra\u00ebl intensifie son offensive<\/a>.<\/p>\n<p class=\"sc-ksZaOG ehjQrN text-element\">A quatre jours du premier vote du congr\u00e8s de son parti, Karim Bouamrane a <a href=\"https:\/\/www.liberation.fr\/politique\/le-maire-de-saint-ouen-karim-bouamrane-menace-linsoumis-eric-coquerel-si-tu-viens-nous-emmerder-on-va-te-defoncer-20250525_IWHCOP3EV5DHLAFGAN2QGKEIHY\/\" target=\"_blank\" rel=\"noreferrer nofollow noopener\" title=\"https:\/\/www.liberation.fr\/politique\/le-maire-de-saint-ouen-karim-bouamrane-menace-linsoumis-eric-coquerel-si-tu-viens-nous-emmerder-on-va-te-defoncer-20250525_IWHCOP3EV5DHLAFGAN2QGKEIHY\/\">violemment attaqu\u00e9 le pr\u00e9sident LFI<\/a> de la commission des finances de l\u2019Assembl\u00e9e, \u00e9lu sur la circonscription de sa ville, lors d\u2019un rassemblement des socialistes qui veulent \u00abtourner la page\u00bb d\u2019Olivier Faure au PS.<\/p>\n<p class=\"sc-ksZaOG ehjQrN text-element\">Le Premier ministre, Fran\u00e7ois Bayrou, a affirm\u00e9 samedi comprendre l\u2019\u00ab\u00e9motion\u00bb des chauffeurs de taxi, qui ont lanc\u00e9 il y a pr\u00e8s d\u2019une semaine un mouvement de protestation, contre notamment une nouvelle convention r\u00e9gissant la prise en charge du<a href=\"https:\/\/www.liberation.fr\/politique\/face-aux-chauffeurs-de-taxi-francois-bayrou-assure-prendre-tres-au-serieux-leur-emotion-20250524_LDR4PAVVXNEC3KCJHVDA25Q6LA\/\" target=\"_blank\" rel=\"nofollow noopener\" title=\"\"> transport de patients par l\u2019Assurance maladie.<\/a> Malgr\u00e9 son annonce &#8211; le texte sera revu \u00abd\u00e8s mardi\u00bb &#8211; de nombreux manifestants, frustr\u00e9s, ont d\u00e9clar\u00e9 \u00eatre <a href=\"https:\/\/www.liberation.fr\/politique\/face-aux-chauffeurs-de-taxi-francois-bayrou-assure-prendre-tres-au-serieux-leur-emotion-20250524_LDR4PAVVXNEC3KCJHVDA25Q6LA\/\" target=\"_blank\" rel=\"noreferrer nofollow noopener\" title=\"https:\/\/www.liberation.fr\/politique\/face-aux-chauffeurs-de-taxi-francois-bayrou-assure-prendre-tres-au-serieux-leur-emotion-20250524_LDR4PAVVXNEC3KCJHVDA25Q6LA\/\">d\u00e9termin\u00e9s \u00e0 poursuivre la mobilisation<\/a>.<\/p>\n<p class=\"sc-ksZaOG ehjQrN text-element\">Des dizaines de milliers de fans, parfois venus de loin, se sont rassembl\u00e9es ce week-end \u00e0 Marseille pour assister aux <a href=\"https:\/\/www.liberation.fr\/lifestyle\/il-a-le-don-de-soulever-le-peuple-a-marseille-un-week-end-au-rythme-de-jul-20250525_7FUKBVVA5RHLJAY4CLMAKXUTIE\/\" target=\"_blank\" rel=\"noreferrer nofollow noopener\" title=\"https:\/\/www.liberation.fr\/lifestyle\/il-a-le-don-de-soulever-le-peuple-a-marseille-un-week-end-au-rythme-de-jul-20250525_7FUKBVVA5RHLJAY4CLMAKXUTIE\/\">deux concerts du rappeur au stade V\u00e9lodrome<\/a>. Les places s\u2019\u00e9taient \u00e9coul\u00e9es en quelques minutes lors de leur mise en vente.<\/p>\n<p class=\"sc-ksZaOG ehjQrN text-element\"><b>10 articles qui nous ont r\u00e9jouis cette semaine : un mus\u00e9e qui a du chien, des bougies parfum\u00e9es et des crottes de manchots<\/b><\/p>\n<p class=\"sc-ksZaOG ehjQrN text-element\">L\u2019actualit\u00e9 est souvent sinistre, oui, mais il reste des raisons d\u2019esp\u00e9rer. Lib\u00e9ration vous le prouve <a href=\"https:\/\/www.liberation.fr\/economie\/medias\/10-articles-qui-nous-ont-rejouis-cette-semaine-un-musee-qui-a-du-chien-une-des-bougies-parfumees-et-des-crottes-de-manchots-20250524_FHYPXGBSWRDHVHMBWY3ZB3QP4M\/\" target=\"_blank\" rel=\"noreferrer nofollow noopener\" title=\"https:\/\/www.liberation.fr\/economie\/medias\/10-articles-qui-nous-ont-rejouis-cette-semaine-un-musee-qui-a-du-chien-une-des-bougies-parfumees-et-des-crottes-de-manchots-20250524_FHYPXGBSWRDHVHMBWY3ZB3QP4M\/\">avec 10 articles<\/a> embrassant une information r\u00e9jouissante et curieuse.<\/p>\n<p class=\"sc-ksZaOG ehjQrN text-element\"><b>Richard Gasquet avant sa derni\u00e8re \u00e0 Roland-Garros : \u00abJ\u2019aurais aim\u00e9 grandir avec plus de s\u00e9r\u00e9nit\u00e9 et un peu moins de pression\u00bb<\/b><\/p>\n<p class=\"sc-ksZaOG ehjQrN text-element\">Ancien 7e mondial, trois fois demi-finaliste d\u2019un Grand Chelem, le Fran\u00e7ais de 38 ans arr\u00eatera sa carri\u00e8re apr\u00e8s le tournoi de la porte d\u2019Auteuil. Lib\u00e9 est revenu avec lui <a href=\"https:\/\/www.liberation.fr\/sports\/tennis\/richard-gasquet-avant-sa-derniere-a-roland-garros-jaurais-aime-grandir-avec-plus-de-serenite-et-un-peu-moins-de-pression-20250525_YI6JKAEFYNBG7E6LW775ZWP5DQ\/\" target=\"_blank\" rel=\"noreferrer nofollow noopener\" title=\"https:\/\/www.liberation.fr\/sports\/tennis\/richard-gasquet-avant-sa-derniere-a-roland-garros-jaurais-aime-grandir-avec-plus-de-serenite-et-un-peu-moins-de-pression-20250525_YI6JKAEFYNBG7E6LW775ZWP5DQ\/\">sur ses deux d\u00e9cennie<\/a><a href=\"https:\/\/www.liberation.fr\/sports\/tennis\/richard-gasquet-avant-sa-derniere-a-roland-garros-jaurais-aime-grandir-avec-plus-de-serenite-et-un-peu-moins-de-pression-20250525_YI6JKAEFYNBG7E6LW775ZWP5DQ\/\" target=\"_blank\" rel=\"noreferrer nofollow noopener\" title=\"https:\/\/www.liberation.fr\/sports\/tennis\/richard-gasquet-avant-sa-derniere-a-roland-garros-jaurais-aime-grandir-avec-plus-de-serenite-et-un-peu-moins-de-pression-20250525_YI6JKAEFYNBG7E6LW775ZWP5DQ\/\">s<\/a> pass\u00e9es sur les courts.<\/p>\n<p class=\"sc-ksZaOG ehjQrN text-element\"><b>Primaire \u00e0 gauche : Jean-Luc M\u00e9lenchon dit merci \u00e0 Rapha\u00ebl Glucksmann<\/b><\/p>\n<p class=\"sc-ksZaOG ehjQrN text-element\">En refusant de participer \u00e0 la d\u00e9signation d\u2019un candidat commun \u00e0 gauche, l\u2018eurod\u00e9put\u00e9 social-d\u00e9mocrate rend un grand service \u00e0 l\u2019insoumis. Un choix de division <a href=\"https:\/\/www.liberation.fr\/politique\/primaire-a-gauche-jean-luc-melenchon-dit-merci-a-raphael-glucksmann-20250525_TBIZ56IUVFB2XA54F5QNUJBVWA\/\" target=\"_blank\" rel=\"noreferrer nofollow noopener\" title=\"https:\/\/www.liberation.fr\/politique\/primaire-a-gauche-jean-luc-melenchon-dit-merci-a-raphael-glucksmann-20250525_TBIZ56IUVFB2XA54F5QNUJBVWA\/\">qui pourrait lui co\u00fbter<\/a>.<\/p>\n<p class=\"sc-ksZaOG ehjQrN text-element\"><b>\u00abC\u2019est r\u00e9autoriser les revolvers tout en interdisant les pistolets\u00bb : pourquoi la possible r\u00e9introduction d\u2019un n\u00e9onicotino\u00efde inqui\u00e8te les scientifiques<\/b><\/p>\n<p class=\"sc-ksZaOG ehjQrN text-element\">Insecticide \u00abinoffensif\u00bb pour les d\u00e9fenseurs de la loi Duplomb qui veulent obtenir sa r\u00e9homologation par l\u2019Assembl\u00e9e cette semaine, l\u2019ac\u00e9tamipride, interdit en France depuis 2018, a \u00e9t\u00e9 d\u00e9crit comme toxique <a href=\"https:\/\/www.liberation.fr\/environnement\/agriculture\/cest-reautoriser-les-revolvers-tout-en-interdisant-les-pistolets-pourquoi-la-possible-reintroduction-dun-neonicotinoide-inquiete-les-scientifiques-20250525_PFVXFNNHCZHF3CJL4OXVFHRC3Q\/\" target=\"_blank\" rel=\"noreferrer nofollow noopener\" title=\"https:\/\/www.liberation.fr\/environnement\/agriculture\/cest-reautoriser-les-revolvers-tout-en-interdisant-les-pistolets-pourquoi-la-possible-reintroduction-dun-neonicotinoide-inquiete-les-scientifiques-20250525_PFVXFNNHCZHF3CJL4OXVFHRC3Q\/\">par plusieurs \u00e9tudes<\/a>, en raison notamment de ses effets potentiels sur la sant\u00e9 humaine.<\/p>\n","protected":false},"excerpt":{"rendered":"Chaque dimanche, la r\u00e9daction de Lib\u00e9 s\u00e9lectionne les actualit\u00e9s du week-end qu\u2019il ne fallait pas rater en France&hellip;\n","protected":false},"author":2,"featured_media":127543,"comment_status":"","ping_status":"","sticky":false,"template":"","format":"standard","meta":{"footnotes":""},"categories":[1590],"tags":[11,1777,674,12,4702,220],"class_list":{"0":"post-127542","1":"post","2":"type-post","3":"status-publish","4":"format-standard","5":"has-post-thumbnail","7":"category-ukraine","8":"tag-actualites","9":"tag-eu","10":"tag-europe","11":"tag-news","12":"tag-recap-actu","13":"tag-ukraine"},"share_on_mastodon":{"url":"https:\/\/pubeurope.com\/@fr\/114569918739024743","error":""},"_links":{"self":[{"href":"https:\/\/www.europesays.com\/fr\/wp-json\/wp\/v2\/posts\/127542","targetHints":{"allow":["GET"]}}],"collection":[{"href":"https:\/\/www.europesays.com\/fr\/wp-json\/wp\/v2\/posts"}],"about":[{"href":"https:\/\/www.europesays.com\/fr\/wp-json\/wp\/v2\/types\/post"}],"author":[{"embeddable":true,"href":"https:\/\/www.europesays.com\/fr\/wp-json\/wp\/v2\/users\/2"}],"replies":[{"embeddable":true,"href":"https:\/\/www.europesays.com\/fr\/wp-json\/wp\/v2\/comments?post=127542"}],"version-history":[{"count":0,"href":"https:\/\/www.europesays.com\/fr\/wp-json\/wp\/v2\/posts\/127542\/revisions"}],"wp:featuredmedia":[{"embeddable":true,"href":"https:\/\/www.europesays.com\/fr\/wp-json\/wp\/v2\/media\/127543"}],"wp:attachment":[{"href":"https:\/\/www.europesays.com\/fr\/wp-json\/wp\/v2\/media?parent=127542"}],"wp:term":[{"taxonomy":"category","embeddable":true,"href":"https:\/\/www.europesays.com\/fr\/wp-json\/wp\/v2\/categories?post=127542"},{"taxonomy":"post_tag","embeddable":true,"href":"https:\/\/www.europesays.com\/fr\/wp-json\/wp\/v2\/tags?post=127542"}],"curies":[{"name":"wp","href":"https:\/\/api.w.org\/{rel}","templated":true}]}}