{"id":127544,"date":"2025-05-25T18:36:17","date_gmt":"2025-05-25T18:36:17","guid":{"rendered":"https:\/\/www.europesays.com\/fr\/127544\/"},"modified":"2025-05-25T18:36:17","modified_gmt":"2025-05-25T18:36:17","slug":"la-syrie-va-aider-washington-a-retrouver-des-americains-disparus","status":"publish","type":"post","link":"https:\/\/www.europesays.com\/fr\/127544\/","title":{"rendered":"La Syrie va aider Washington \u00e0 retrouver des Am\u00e9ricains disparus"},"content":{"rendered":"<p>Le pouvoir syrien d&rsquo;Ahmad al-Chareh a accept\u00e9 d&rsquo;aider les Etats-Unis \u00e0 retrouver les Am\u00e9ricains disparus pendant la guerre civile en Syrie, a indiqu\u00e9 dimanche un \u00e9missaire am\u00e9ricain.<\/p>\n<p>Cette annonce est intervenue au lendemain de la lev\u00e9e formelle par les Etats-Unis des sanctions impos\u00e9es \u00e0 la Syrie sous l&rsquo;ex-pr\u00e9sident Bachar al-Assad, renvers\u00e9 en d\u00e9cembre par une coalition de groupes rebelles islamistes dirig\u00e9e par M. Chareh.<\/p>\n<p>Depuis, les relations entre le nouveau pouvoir syrien et les Etats-Unis se sont progressivement am\u00e9lior\u00e9es, menant \u00e0 une rencontre le 13 mai entre le pr\u00e9sident Donald Trump et M. Chareh \u00e0 Ryad.<\/p>\n<p>\u00ab\u00a0Un grand pas en avant. Le nouveau gouvernement syrien a accept\u00e9 d&rsquo;aider les Etats-Unis \u00e0 localiser et \u00e0 rapatrier les citoyens am\u00e9ricains ou leurs d\u00e9pouilles. Les familles d&rsquo;Austin Tice, Majd Kamalmaz et Kayla Mueller doivent pouvoir tourner la page\u00a0\u00bb, a \u00e9crit sur X l&rsquo;envoy\u00e9 sp\u00e9cial pour la Syrie, Tom Barrack.<\/p>\n<p>La guerre en Syrie a \u00e9t\u00e9 d\u00e9clench\u00e9e en 2011 par la r\u00e9pression dans le sang de manifestations prod\u00e9mocratie dans le sillage du Printemps arabe. Elle s&rsquo;est ensuite complexifi\u00e9e avec l&rsquo;intervention de plusieurs acteurs r\u00e9gionaux et internationaux et des groupes jihadistes.<\/p>\n<p>En 2014, le groupe jihadiste Etat islamique (EI) s&rsquo;est empar\u00e9 de vastes r\u00e9gions en Syrie et en Irak voisin, avant d&rsquo;\u00eatre d\u00e9fait, respectivement en 2019 et 2017, avec l&rsquo;aide de la coalition antijihadiste dirig\u00e9e par les Etats-Unis. <\/p>\n<p>De nombreux otages occidentaux ont \u00e9t\u00e9 enlev\u00e9s par l&rsquo;EI en Syrie, dont certains ont \u00e9t\u00e9 ex\u00e9cut\u00e9s, d&rsquo;autres lib\u00e9r\u00e9s. Mais le sort de plusieurs otages reste inconnu.<\/p>\n<p>&#8211; Tice,\u00a0Kamalmaz, Mueller &#8211;<\/p>\n<p>Le journaliste Austin Tice, qui travaillait pour l&rsquo;Agence France-Presse, McClatchy News, le Washington Post, CBS et d&rsquo;autres m\u00e9dias, a \u00e9t\u00e9 enlev\u00e9 en ao\u00fbt 2012 par des hommes arm\u00e9s pr\u00e8s de Damas. Son enl\u00e8vement n&rsquo;a jamais \u00e9t\u00e9 revendiqu\u00e9 et sa m\u00e8re a vu M. Chareh \u00e0 Damas en janvier.<\/p>\n<p>Kayla Mueller, une humanitaire qui travaillait avec le Danish Refugee Council, a \u00e9t\u00e9 enlev\u00e9e \u00e0 Alep (nord) en ao\u00fbt 2013. L&rsquo;EI a affirm\u00e9 que l&rsquo;otage, alors \u00e2g\u00e9e de 26 ans, avait \u00e9t\u00e9 tu\u00e9e pr\u00e8s de Raqa (nord) en 2015 dans des raids de la coalition antijihadiste.<\/p>\n<p>Mais lors de son premier mandat, Donald Trump a affirm\u00e9 en 2019 qu&rsquo;elle avait \u00e9t\u00e9 \u00ab\u00a0gard\u00e9e captive puis tu\u00e9e\u00a0\u00bb par le chef de l&rsquo;EI, Abou Bakr al-Baghdadi, lui-m\u00eame abattu dans une op\u00e9ration am\u00e9ricaine cette ann\u00e9e-l\u00e0. Le corps de l&rsquo;Am\u00e9ricaine n&rsquo;a jamais \u00e9t\u00e9 retrouv\u00e9.<\/p>\n<p>Majd Kamalmaz, un psychologue am\u00e9ricain n\u00e9 en Syrie, est disparu depuis son arrestation \u00e0 un point de contr\u00f4le en 2017.<\/p>\n<p>Le pr\u00e9sident Trump a \u00ab\u00a0clairement indiqu\u00e9 que rapatrier les citoyens am\u00e9ricains ou honorer dignement leurs d\u00e9pouilles \u00e9tait une priorit\u00e9 absolue. Le nouveau gouvernement syrien va nous aider dans cet engagement\u00a0\u00bb, a affirm\u00e9 l&rsquo;\u00e9missaire am\u00e9ricain.<\/p>\n<p>M. Chareh a dirig\u00e9 Hayat Tahrir al-Sham (HTS), l&rsquo;ex-branche syrienne d&rsquo;Al-Qa\u00efda, groupe jihadiste rival de l&rsquo;EI. HTS a \u00e9t\u00e9 dissous apr\u00e8s la chute de Bachar al-Assad.<\/p>\n<p>&#8211; Aide du Qatar &#8211;<\/p>\n<p>Selon une source syrienne au fait des discussions syro-am\u00e9ricaines, outre ceux d&rsquo;Austin Tice, Majd Kamalmaz et Kayla Mueller \u00ab\u00a0il y a 11 noms sur la liste de Washington, des Syriens ayant la nationalit\u00e9 am\u00e9ricaine\u00a0\u00bb. Elle n&rsquo;a pas fourni d&rsquo;autres d\u00e9tails sur cette liste.<\/p>\n<p>De son c\u00f4t\u00e9, et \u00ab\u00a0sur demande des Etats-Unis, une mission du Qatar a commenc\u00e9 \u00e0 rechercher les restes d&rsquo;Am\u00e9ricains dans le nord de la Syrie tu\u00e9s par l&rsquo;EI\u00a0\u00bb, a-t-elle ajout\u00e9.<\/p>\n<p>Le 11 mai, les forces de s\u00e9curit\u00e9 du Qatar ont annonc\u00e9, selon l&rsquo;agence officielle qatarie QNA, \u00ab\u00a0la d\u00e9couverte des restes de 30 personnes qui auraient \u00e9t\u00e9 enlev\u00e9es et tu\u00e9es par l&rsquo;EI \u00e0 Dabiq\u00a0\u00bb, au nord d&rsquo;Alep.<\/p>\n<p>\u00ab\u00a0Ces efforts font partie d&rsquo;une op\u00e9ration internationale men\u00e9e en r\u00e9ponse \u00e0 une demande officielle du FBI\u00a0\u00bb, et \u00ab\u00a0en pleine coordination\u00a0\u00bb avec Damas, a pr\u00e9cis\u00e9 QNA.<\/p>\n<p>En 2022, un membre de l&rsquo;EI, El Shafee el-Sheikh, a \u00e9t\u00e9 condamn\u00e9 \u00e0 la prison en vie aux Etats-Unis pour son r\u00f4le dans la mort des journalistes am\u00e9ricains James Foley et Steven Sotloff ainsi que des travailleurs humanitaires Peter Kassig et Kayla Mueller, \u00e9galement am\u00e9ricains.<\/p>\n<p>&#8211; Nouveaux chefs de la s\u00e9curit\u00e9 &#8211;<\/p>\n<p>Dans un contexte de rapprochement avec l&rsquo;Occident et d&rsquo;all\u00e9gement progressif des sanctions contre Damas, les autorit\u00e9s syriennes avaient annonc\u00e9 samedi une \u00ab\u00a0r\u00e9organisation\u00a0\u00bb du minist\u00e8re de l&rsquo;Int\u00e9rieur, notamment pour lutter contre les trafics de drogue et d&rsquo;\u00eatres humains.<\/p>\n<p>Dimanche, le minist\u00e8re syrien de l&rsquo;Int\u00e9rieur a nomm\u00e9 des chefs de la s\u00e9curit\u00e9 dans 12 provinces du pays.<\/p>\n<p>Il n&rsquo;a pas donn\u00e9 beaucoup de d\u00e9tails sur les personnes choisies, mais certaines exer\u00e7aient des fonctions au sein de HTS qui a renvers\u00e9 le pouvoir de Bachar al-Assad en d\u00e9cembre.<\/p>\n<p>lar\/tp\/cab\/cm\/ila<\/p>\n","protected":false},"excerpt":{"rendered":"Le pouvoir syrien d&rsquo;Ahmad al-Chareh a accept\u00e9 d&rsquo;aider les Etats-Unis \u00e0 retrouver les Am\u00e9ricains disparus pendant la guerre&hellip;\n","protected":false},"author":2,"featured_media":127545,"comment_status":"","ping_status":"","sticky":false,"template":"","format":"standard","meta":{"footnotes":""},"categories":[1589],"tags":[11,25112,75,73,1866,25113,25111,12,32,1864,1865,1863,308],"class_list":{"0":"post-127544","1":"post","2":"type-post","3":"status-publish","4":"format-standard","5":"has-post-thumbnail","7":"category-etats-unis","8":"tag-actualites","9":"tag-austin-tice","10":"tag-donald-trump","11":"tag-etats-unis","12":"tag-etats-unis-damerique","13":"tag-gouvernement-syrien","14":"tag-kayla-mueller","15":"tag-news","16":"tag-syrie","17":"tag-united-states","18":"tag-united-states-of-america","19":"tag-us","20":"tag-usa"},"share_on_mastodon":{"url":"https:\/\/pubeurope.com\/@fr\/114569922719303323","error":""},"_links":{"self":[{"href":"https:\/\/www.europesays.com\/fr\/wp-json\/wp\/v2\/posts\/127544","targetHints":{"allow":["GET"]}}],"collection":[{"href":"https:\/\/www.europesays.com\/fr\/wp-json\/wp\/v2\/posts"}],"about":[{"href":"https:\/\/www.europesays.com\/fr\/wp-json\/wp\/v2\/types\/post"}],"author":[{"embeddable":true,"href":"https:\/\/www.europesays.com\/fr\/wp-json\/wp\/v2\/users\/2"}],"replies":[{"embeddable":true,"href":"https:\/\/www.europesays.com\/fr\/wp-json\/wp\/v2\/comments?post=127544"}],"version-history":[{"count":0,"href":"https:\/\/www.europesays.com\/fr\/wp-json\/wp\/v2\/posts\/127544\/revisions"}],"wp:featuredmedia":[{"embeddable":true,"href":"https:\/\/www.europesays.com\/fr\/wp-json\/wp\/v2\/media\/127545"}],"wp:attachment":[{"href":"https:\/\/www.europesays.com\/fr\/wp-json\/wp\/v2\/media?parent=127544"}],"wp:term":[{"taxonomy":"category","embeddable":true,"href":"https:\/\/www.europesays.com\/fr\/wp-json\/wp\/v2\/categories?post=127544"},{"taxonomy":"post_tag","embeddable":true,"href":"https:\/\/www.europesays.com\/fr\/wp-json\/wp\/v2\/tags?post=127544"}],"curies":[{"name":"wp","href":"https:\/\/api.w.org\/{rel}","templated":true}]}}