{"id":127550,"date":"2025-05-25T18:39:11","date_gmt":"2025-05-25T18:39:11","guid":{"rendered":"https:\/\/www.europesays.com\/fr\/127550\/"},"modified":"2025-05-25T18:39:11","modified_gmt":"2025-05-25T18:39:11","slug":"aston-villa-en-grand-perdant-de-leurope","status":"publish","type":"post","link":"https:\/\/www.europesays.com\/fr\/127550\/","title":{"rendered":"Aston Villa en grand perdant de l&rsquo;Europe"},"content":{"rendered":"<p>Aston Villa a laiss\u00e9 filer la Ligue des champions lors d&rsquo;une derni\u00e8re journ\u00e9e cauchemardesque en Premier League, dimanche, laissant Manchester City, Chelsea et Newcastle filer vers la grande Europe.<\/p>\n<p>L&rsquo;\u00e9quipe d&rsquo;Unai Emery s&rsquo;est inclin\u00e9e 2-0 chez Manchester United, \u00e0 dix, avec une pol\u00e9mique arbitrale \u00e0 la cl\u00e9, et termine en dehors du top 5 qualificatif \u00e0 cause d&rsquo;une diff\u00e9rence de buts inf\u00e9rieure \u00e0 Newcastle.<\/p>\n<p>Le malheur des Villans fait donc le bonheur des Magpies, battus 1-0 chez eux par Everton, mais de retour en C1 apr\u00e8s un an d&rsquo;absence.<\/p>\n<p>Manchester City, quadruple champion sortant, n&rsquo;a lui pas trembl\u00e9 chez Fulham (2-0) et consolid\u00e9 sa place sur le podium, un moindre mal au bout d&rsquo;une saison poussive en Premier League.<\/p>\n<p>Ilkay G\u00fcndogan a \u00e9t\u00e9 l&rsquo;artisan du succ\u00e8s avec un but acrobatique (21e, 1-0) et un p\u00e9nalty obtenu, transform\u00e9 ensuite avec sang froid par Erling Haaland (72e, 2-0).<\/p>\n<p>Les Citizens de Pep Guardiola, septi\u00e8mes fin d\u00e9cembre, ont termin\u00e9 la saison en boulet de canon avec dix matches sans d\u00e9faite (3 nuls, 7 victoires).<\/p>\n<p>Le ticket pour la C1, \u00ab\u00a0c&rsquo;est comme un titre, (\u00e0 cause) des obstacles\u00a0\u00bb rencontr\u00e9s cette saison, a r\u00e9agi l&rsquo;entra\u00eeneur, en r\u00e9f\u00e9rence aux blessures ayant touch\u00e9 son effectif.<\/p>\n<p>&#8211; Troph\u00e9e et 29e but pour Salah &#8211;<\/p>\n<p>La deuxi\u00e8me place est elle rest\u00e9e aux mains d&rsquo;Arsenal, vainqueur sur le tard \u00e0 Southampton (2-1) gr\u00e2ce \u00e0 un but du capitaine Martin Odegaard.<\/p>\n<p>Les Gunners finissent avec l&rsquo;\u00e9tiquette de dauphins pour la troisi\u00e8me saison d&rsquo;affil\u00e9e, cette fois avec dix points de moins que le champion.<\/p>\n<p>Liverpool, sacr\u00e9 depuis fin avril, a termin\u00e9 l&rsquo;ann\u00e9e sur un match nul 1-1 \u00e0 domicile contre Crystal Palace, avec l&rsquo;aide de Mohamed Salah, auteur de son 29e et dernier but de la saison.<\/p>\n<p>Le meilleur buteur et meilleur passeur de la Premier League 2024-2025 a \u00e9vit\u00e9 \u00e0 Liverpool une fausse note avant la remise du troph\u00e9e, devant un stade d&rsquo;Anfield tout de rouge v\u00eatu, et bouillant du d\u00e9but \u00e0 la fin.<\/p>\n<p>Les autres \u00ab\u00a0Reds\u00a0\u00bb du championnat, ceux de Nottingham Forest, n&rsquo;avaient eux pas la t\u00eate \u00e0 la f\u00eate apr\u00e8s leur d\u00e9faite contre Chelsea (1-0).<\/p>\n<p>Ils ont pass\u00e9 une bonne partie de l&rsquo;ann\u00e9e parmi les cinq premiers, une performance remarquable apr\u00e8s avoir termin\u00e9 la saison pr\u00e9c\u00e9dente juste au-dessus des rel\u00e9gu\u00e9s. Mais leur \u00e9lan s&rsquo;est bris\u00e9 dans la derni\u00e8re ligne droite, avec seulement deux victoires dans les huit derniers matches.<\/p>\n<p>L&rsquo;\u00e9quipe de Nuno Espirito Santo, septi\u00e8me au final, disputera la Ligue Conference la saison prochaine.<\/p>\n<p>&#8211; \u00ab\u00a0Difficile \u00e0 avaler\u00a0\u00bb pour Villa &#8211;<\/p>\n<p>De son c\u00f4t\u00e9, Aston Villa devra se contenter de la Ligue Europa apr\u00e8s cette fin de championnat rageante.<\/p>\n<p>Dixi\u00e8mes fin f\u00e9vrier, les Villans d&rsquo;Unai Emery ont amass\u00e9 huit victoires en dix matches pour remonter vers les places europ\u00e9ennes, sans parvenir \u00e0 arracher le Graal de la Ligue des champions.<\/p>\n<p>Dimanche, ils ont v\u00e9cu un enfer \u00e0 Old Trafford avec un carton rouge re\u00e7u en premi\u00e8re p\u00e9riode (Emiliano Martinez), deux buts encaiss\u00e9s en seconde, et un but marqu\u00e9 mais invalid\u00e9 dans des conditions litigieuses.<\/p>\n<p>L&rsquo;arbitre a siffl\u00e9, \u00e0 tort, une faute de Morgan Rogers sur Altay Bayindir avant que l&rsquo;attaquant ne marque, la VAR a revu les images mais le corps arbitral n&rsquo;a pas pu revenir sur la d\u00e9cision en raison du r\u00e8glement.<\/p>\n<p>\u00ab\u00a0Il (l&rsquo;arbitre) ne savait pas vraiment quoi dire\u00a0\u00bb, a dit le capitaine d&rsquo;Aston Villa, John McGinn, sur TNT Sports. \u00ab\u00a0C&rsquo;est tr\u00e8s difficile \u00e0 avaler, surtout quand l&rsquo;impact sur nous, en tant que club et \u00e9quipe, est si important\u00a0\u00bb.<\/p>\n<p>Le milieu \u00e9cossais a toutefois reconnu que la victoire \u00e9tait m\u00e9rit\u00e9e pour Manchester United.<\/p>\n<p>Les Red Devils ont sauv\u00e9 l&rsquo;honneur en terminant \u00e0 la quinzi\u00e8me place, quatre jours apr\u00e8s leur d\u00e9faite en finale de Ligue Europa contre Tottenham. Les Spurs ont eux sombr\u00e9 4-1 contre Brighton, \u00e0 domicile, et ils finissent la saison \u00e0 la 17e place, la premi\u00e8re au-dessus de la zone de rel\u00e9gation.<\/p>\n<p>jta\/jld<\/p>\n","protected":false},"excerpt":{"rendered":"Aston Villa a laiss\u00e9 filer la Ligue des champions lors d&rsquo;une derni\u00e8re journ\u00e9e cauchemardesque en Premier League, dimanche,&hellip;\n","protected":false},"author":2,"featured_media":127551,"comment_status":"","ping_status":"","sticky":false,"template":"","format":"standard","meta":{"footnotes":""},"categories":[1586],"tags":[11,784,17628,25114,13368,25115,1777,674,13925,1011,27,17626,447,3490,25117,16663,3225,25116,12,17625,70,25,7371,17630,18015],"class_list":{"0":"post-127550","1":"post","2":"type-post","3":"status-publish","4":"format-standard","5":"has-post-thumbnail","7":"category-europe","8":"tag-actualites","9":"tag-aston-villa","10":"tag-brighton","11":"tag-crystal-palace","12":"tag-emiliano-martinez","13":"tag-erling-haaland","14":"tag-eu","15":"tag-europe","16":"tag-everton","17":"tag-fr","18":"tag-france","19":"tag-john-mcginn","20":"tag-ligue-des-champions","21":"tag-liverpool","22":"tag-magpies","23":"tag-manchester-city","24":"tag-manchester-united","25":"tag-morgan-rogers","26":"tag-news","27":"tag-nottingham-forest","28":"tag-premier-league","29":"tag-republique-francaise","30":"tag-salah","31":"tag-southampton","32":"tag-tottenham"},"share_on_mastodon":{"url":"https:\/\/pubeurope.com\/@fr\/114569934459880653","error":""},"_links":{"self":[{"href":"https:\/\/www.europesays.com\/fr\/wp-json\/wp\/v2\/posts\/127550","targetHints":{"allow":["GET"]}}],"collection":[{"href":"https:\/\/www.europesays.com\/fr\/wp-json\/wp\/v2\/posts"}],"about":[{"href":"https:\/\/www.europesays.com\/fr\/wp-json\/wp\/v2\/types\/post"}],"author":[{"embeddable":true,"href":"https:\/\/www.europesays.com\/fr\/wp-json\/wp\/v2\/users\/2"}],"replies":[{"embeddable":true,"href":"https:\/\/www.europesays.com\/fr\/wp-json\/wp\/v2\/comments?post=127550"}],"version-history":[{"count":0,"href":"https:\/\/www.europesays.com\/fr\/wp-json\/wp\/v2\/posts\/127550\/revisions"}],"wp:featuredmedia":[{"embeddable":true,"href":"https:\/\/www.europesays.com\/fr\/wp-json\/wp\/v2\/media\/127551"}],"wp:attachment":[{"href":"https:\/\/www.europesays.com\/fr\/wp-json\/wp\/v2\/media?parent=127550"}],"wp:term":[{"taxonomy":"category","embeddable":true,"href":"https:\/\/www.europesays.com\/fr\/wp-json\/wp\/v2\/categories?post=127550"},{"taxonomy":"post_tag","embeddable":true,"href":"https:\/\/www.europesays.com\/fr\/wp-json\/wp\/v2\/tags?post=127550"}],"curies":[{"name":"wp","href":"https:\/\/api.w.org\/{rel}","templated":true}]}}