{"id":127562,"date":"2025-05-25T18:45:08","date_gmt":"2025-05-25T18:45:08","guid":{"rendered":"https:\/\/www.europesays.com\/fr\/127562\/"},"modified":"2025-05-25T18:45:08","modified_gmt":"2025-05-25T18:45:08","slug":"les-jeunes-volleyeurs-de-tours-sont-aussi-champions-de-france","status":"publish","type":"post","link":"https:\/\/www.europesays.com\/fr\/127562\/","title":{"rendered":"les jeunes volleyeurs de Tours sont aussi champions de France !"},"content":{"rendered":"<p>Ils visaient un doubl\u00e9, ils l\u2019ont fait\u00a0! Les joueurs du groupe \u00c9lite Avenir du Tours\u00a0VB, compos\u00e9 de <a target=\"_blank\" href=\"https:\/\/www.lanouvellerepublique.fr\/tours\/msl-un-10e-titre-si-singulier-pour-le-tours-vb-1747596709\" rel=\"noopener\">quelques champions en MSL<\/a>, sont all\u00e9s chercher le titre des centres de formation, ce dimanche 25\u00a0mai \u00e0 Vichy (Allier).<\/p>\n<p>Le TVB est parfaitement entr\u00e9 dans sa comp\u00e9tition en s\u2019\u00e9pargnant les matchs \u00e0 rallonge en phase de brassage, un point capital dans ce marathon de quatre jours. Apr\u00e8s avoir emport\u00e9 ses parties contre le PUC (3-1), puis Montpellier (3-0), avant de s\u2019incliner face au Plessis-Robinson (0-3), les hommes de Thomas Royer ont pu poursuivre l\u2019aventure en terminant deuxi\u00e8me de leur poule.<\/p>\n<p>Des matchs accroch\u00e9s<\/p>\n<p>Les Tourangeaux ont \u00e9t\u00e9 intraitables face \u00e0 Fr\u00e9jus en quarts de finale, avec une victoire en trois sets secs, mais non sans avoir \u00e0 lutter, \u00e0 l\u2019image des deux derni\u00e8res manches emport\u00e9es sur le fil (25-23, 26-24). Le combat s\u2019annon\u00e7ait plus \u00e2pre encore en demi-finales contre Ajaccio, samedi. Une affiche prestigieuse qui opposait les champions des deux ligues professionnelles et qui tournait \u00e0 l\u2019avantage de Tours en cinq sets.<\/p>\n<p>Et que dire de la finale\u00a0! Face \u00e0 S\u00e8te, les co\u00e9quipiers de Pelvet ont d\u2019abord emport\u00e9 haut la main les deux premiers sets, dimanche. Puis, les S\u00e9tois trouvaient des solutions tactiques. Men\u00e9 dans le quatri\u00e8me acte, Tours puisait au plus profond de ses ressources pour inverser la tendance dans le money time, et n\u2019aura eu besoin que d\u2019une seule balle de match pour conclure la partie (26-24), avant d\u2019exulter.<\/p>\n<p>\u00ab\u00a0Les gar\u00e7ons ont \u00e9t\u00e9 \u00e9normes\u00a0!\u00a0\u00bb<\/p>\n<p>\u00ab\u00a0Les gar\u00e7ons ont \u00e9t\u00e9 \u00e9normes\u00a0! On y allait pour le podium, et les gars ont \u00e9lev\u00e9 leur niveau. Bien s\u00fbr, <a target=\"_blank\" href=\"https:\/\/www.lanouvellerepublique.fr\/tours\/msl-julien-faganas-et-alexandre-gabin-fin-de-l-aventure-commune-1747676506\" rel=\"noopener\">Gabin et Faganas<\/a> apportent beaucoup, mais tout le monde a compt\u00e9. Huard fait une finale excellente, Folgavez a \u00e9t\u00e9 impressionnant\u2026 Braud, qui n\u2019a pas jou\u00e9, \u00e9tait le ciment du groupe, il a \u00e9t\u00e9 hallucinant, on lui doit tout autant la victoire, savourait l\u2019entra\u00eeneur.\u00a0C\u2019est le premier titre en jeunes que nous glanons, et la premi\u00e8re fois qu\u2019une \u00e9quipe du nord l\u2019emporte. C\u2019est aussi un deuxi\u00e8me titre en huit jours pour certains\u00a0!\u00a0\u00bb<\/p>\n<p>Un point final \u00e0 la magnifique saison du TVB, qui peut se targuer d\u2019un doubl\u00e9 historique\u00a0: le titre de champion de France en MSL et celui d\u2019\u00c9lite Avenir. Un couronnement qui r\u00e9compense aussi le travail de Thomas Royer, tacticien des deux formations, sans oublier le capitaine Pelvet, qui, apr\u00e8s cinq ann\u00e9es de bons et loyaux services, s\u2019appr\u00eate \u00e0 ouvrir un nouveau chapitre de sa carri\u00e8re aux Pays-Bas la saison prochaine. Mat\u00e9o Braud quitte lui aussi le club pour poursuivre ses \u00e9tudes au Canada.<\/p>\n<p><strong>&gt;\u00a0R\u00e9sultats.<\/strong> Poule\u00a0: TVB\u00a0&#8211; PUC (3-1), TVB\u00a0&#8211; Montpellier (3-0), TVB\u00a0&#8211; Plessis-Robinsson (0-3). Quarts de finale\u00a0: TVB\u00a0&#8211; Fr\u00e9jus (3-0), Demi-finales\u00a0: TVB\u00a0&#8211; Ajaccio (3-2). Finale\u00a0: TVB\u00a0&#8211; S\u00e8te (3-1).<strong><br \/>&gt;\u00a0Podium.<\/strong> 1. TVB, 2. S\u00e8te, 3. Ajaccio.<\/p>\n","protected":false},"excerpt":{"rendered":"Ils visaient un doubl\u00e9, ils l\u2019ont fait\u00a0! Les joueurs du groupe \u00c9lite Avenir du Tours\u00a0VB, compos\u00e9 de quelques&hellip;\n","protected":false},"author":2,"featured_media":127563,"comment_status":"","ping_status":"","sticky":false,"template":"","format":"standard","meta":{"footnotes":""},"categories":[1417],"tags":[1392,1011,27,1387,9915,60,1390,2767,1470,1469],"class_list":{"0":"post-127562","1":"post","2":"type-post","3":"status-publish","4":"format-standard","5":"has-post-thumbnail","7":"category-volley","8":"tag-a-la-une-local","9":"tag-fr","10":"tag-france","11":"tag-indre-et-loire","12":"tag-nationaux-volley","13":"tag-sports","14":"tag-tours","15":"tag-tvb-37","16":"tag-volley","17":"tag-volleyball"},"share_on_mastodon":{"url":"https:\/\/pubeurope.com\/@fr\/114569958071975219","error":""},"_links":{"self":[{"href":"https:\/\/www.europesays.com\/fr\/wp-json\/wp\/v2\/posts\/127562","targetHints":{"allow":["GET"]}}],"collection":[{"href":"https:\/\/www.europesays.com\/fr\/wp-json\/wp\/v2\/posts"}],"about":[{"href":"https:\/\/www.europesays.com\/fr\/wp-json\/wp\/v2\/types\/post"}],"author":[{"embeddable":true,"href":"https:\/\/www.europesays.com\/fr\/wp-json\/wp\/v2\/users\/2"}],"replies":[{"embeddable":true,"href":"https:\/\/www.europesays.com\/fr\/wp-json\/wp\/v2\/comments?post=127562"}],"version-history":[{"count":0,"href":"https:\/\/www.europesays.com\/fr\/wp-json\/wp\/v2\/posts\/127562\/revisions"}],"wp:featuredmedia":[{"embeddable":true,"href":"https:\/\/www.europesays.com\/fr\/wp-json\/wp\/v2\/media\/127563"}],"wp:attachment":[{"href":"https:\/\/www.europesays.com\/fr\/wp-json\/wp\/v2\/media?parent=127562"}],"wp:term":[{"taxonomy":"category","embeddable":true,"href":"https:\/\/www.europesays.com\/fr\/wp-json\/wp\/v2\/categories?post=127562"},{"taxonomy":"post_tag","embeddable":true,"href":"https:\/\/www.europesays.com\/fr\/wp-json\/wp\/v2\/tags?post=127562"}],"curies":[{"name":"wp","href":"https:\/\/api.w.org\/{rel}","templated":true}]}}