{"id":127564,"date":"2025-05-25T18:46:11","date_gmt":"2025-05-25T18:46:11","guid":{"rendered":"https:\/\/www.europesays.com\/fr\/127564\/"},"modified":"2025-05-25T18:46:11","modified_gmt":"2025-05-25T18:46:11","slug":"super-xiii-albi-crucifie-carcassonne-dans-les-derniers-instants-et-soffre-le-titre-de-champion-de-france-rugby-a-xiii","status":"publish","type":"post","link":"https:\/\/www.europesays.com\/fr\/127564\/","title":{"rendered":"Super XIII &#8211; Albi crucifie Carcassonne dans les derniers instants et s&rsquo;offre le titre de champion de France &#8211; Rugby \u00e0 XIII"},"content":{"rendered":"<p style=\"text-align: justify;\"><strong>Comme la saison derni\u00e8re, il aura fallu attendre les toutes derni\u00e8res minutes pour voir un vainqueur se dessiner dans cette finale. Albi s\u2019impose 26-16 et est sacr\u00e9 champion de France pour la premi\u00e8re fois depuis 48 ans.<\/strong><\/p>\n<p style=\"text-align: justify;\">Le rendez-vous le plus attendu de la saison avait lieu cet apr\u00e8s-midi sur la pelouse du Parc des Sports et de l\u2019Amiti\u00e9 de Narbonne. Comme en 2024, Carcassonne retrouvait Albi pour une finale de Super XIII au sommet entre les deux premi\u00e8res \u00e9quipes du classement. Mais si la pi\u00e8ce \u00e9tait retomb\u00e9e du c\u00f4t\u00e9 de Carcassonne la saison derni\u00e8re, les Canaris ne feront pas le back-to-back cette ann\u00e9e.<\/p>\n<p>\u00c0 toi \u00e0 moi<\/p>\n<p style=\"text-align: justify;\">Le premier quart d\u2019heure de cette finale est \u00e0 la hauteur de l\u2019enjeu. 15 premi\u00e8res minutes de haute voltige entre deux formations qui ne l\u00e9sinent pas sur l\u2019intensit\u00e9 et la puissance. Toutefois, c\u2019est Carcassonne qui ouvre le score. Georgy Gambaro saute plus haut que tout le monde et marque acrobatiquement (16\u2032), 4-0.<\/p>\n<p style=\"text-align: justify;\">Albi se perd dans de l\u2019indiscipline et permet aux Canaris de rapidement revenir dans leur camp. Entre le 5\u00e8me et le 6\u00e8me tenu, une passe laser de Cl\u00e9ment Herrero envoie son seconde ligne Edenn Rogers-Smith en dame (18\u2032), 10-0. Mais Albi se remet finalement la t\u00eate \u00e0 l\u2019endroit quelques instants avant la fin de la premi\u00e8re p\u00e9riode. Intercal\u00e9 dans la ligne de trois-quarts, Maxime Rostang termine sa course en terre promise (32\u2032), 10-6.<\/p>\n<p style=\"text-align: justify;\">La mi-temps approche \u00e0 grand pas et c\u2019est le moment choisi pour les hommes de Joris Canton pour se relancer dans cette finale. Servi \u00e0 hauteur, Hnaloan Budden arrive lanc\u00e9 comme un frelon et fait voler la d\u00e9fense de Carcassonne en \u00e9clat (35\u2032). Albi \u00e9galise, 10-10.<\/p>\n<p>Un finish insoutenable<\/p>\n<p style=\"text-align: justify;\">Et comme en premi\u00e8re mi-temps, ce sont les Carcassonnais qui marquent les premiers dans ce second acte. Comme Maxime Rostang quelques minutes avant, c\u2019est Morgan Escar\u00e9 qui s\u2019intercale au milieu de ses trois-quarts et qui marque (45\u2032), 16-10.<\/p>\n<p style=\"text-align: justify;\">\u00c0 son tour, Carcassonne se perd \u00e9galement dans l\u2019indiscipline. Bastien Canet, habitu\u00e9 des biscottes jaunes, laisse ses co\u00e9quipiers en inf\u00e9riorit\u00e9 num\u00e9rique pendant 10 minutes pour un plaquage \u00e0 retardement sur Maxime Rostang (54\u2032). Et c\u2019est d\u2019ailleurs ce dernier qui va permettre aux siens de revenir dans cette finale en d\u00e9livrant une somptueuse passe pour Nittim Pedrero (62\u2032), 16-14.<\/p>\n<p style=\"text-align: justify;\">On entre dans le money-time et Albi pousse de toutes ses forces pour prendre les commandes de cette finale. Malgr\u00e9 le carton jaune de Ben Shea (69\u2032), les Albigeois s\u2019installent devant la ligne d\u2019en-but mais se heurtent \u00e0 une d\u00e9fense audoise h\u00e9ro\u00efque.<\/p>\n<p style=\"text-align: justify;\">Sur une charge tout en puissance, Cl\u00e9ment Tailhades enfonce finalement la d\u00e9fense des Canaris (77\u2032) et fait chavirer le Parc des Sports de Narbonne et les Albigeois prennent l\u2019avantage, 16-20. Il ne reste que quelques secondes \u00e0 jouer et Albi donne le coup de gr\u00e2ce. Mickael Goudemand perce plein champ, retrouve Rostang qui est arr\u00eat\u00e9 in extremis. Le jeu rebondit sur la gauche et Tony Gigot envoie Corentin Le Cam en terre promise (79\u2032). Le stade tout entier explose et condamne d\u00e9finitivement Carcassonne, 16-26.<\/p>\n<p style=\"text-align: justify;\">La corne retentit au Parc des Sports et de l\u2019Amiti\u00e9 de Narbonne. Les joueurs albigeois peuvent exulter, ils font tomber le champion de France en titre et ram\u00e8ne le bouclier dans le Tarn, une premi\u00e8re depuis 48 ans.<\/p>\n<blockquote class=\"instagram-media\" data-instgrm-captioned=\"\" data-instgrm-permalink=\"https:\/\/www.instagram.com\/p\/DKFW8KnP5pD\/?utm_source=ig_embed&amp;utm_campaign=loading\" data-instgrm-version=\"14\" style=\" background:#FFF; border:0; border-radius:3px; box-shadow:0 0 1px 0 rgba(0,0,0,0.5),0 1px 10px 0 rgba(0,0,0,0.15); margin: 1px; max-width:500px; min-width:326px; padding:0; width:99.375%; width:-webkit-calc(100% - 2px); width:calc(100% - 2px);\">\n<\/blockquote>\n<p>        <script async src=\"\/\/www.instagram.com\/embed.js\"><\/script><\/p>\n","protected":false},"excerpt":{"rendered":"Comme la saison derni\u00e8re, il aura fallu attendre les toutes derni\u00e8res minutes pour voir un vainqueur se dessiner&hellip;\n","protected":false},"author":2,"featured_media":127565,"comment_status":"","ping_status":"","sticky":false,"template":"","format":"standard","meta":{"footnotes":""},"categories":[1416],"tags":[20088,7298,3390,1011,27,479,2228,1468,2229,60,2231],"class_list":{"0":"post-127564","1":"post","2":"type-post","3":"status-publish","4":"format-standard","5":"has-post-thumbnail","7":"category-rugby","8":"tag-albi-rl-xiii","9":"tag-carcassonne-xiii","10":"tag-finales","11":"tag-fr","12":"tag-france","13":"tag-rugby","14":"tag-rugby-a-xiii","15":"tag-rugby-football","16":"tag-rugby-league","17":"tag-sports","18":"tag-super-xiii"},"share_on_mastodon":{"url":"https:\/\/pubeurope.com\/@fr\/114569962076930240","error":""},"_links":{"self":[{"href":"https:\/\/www.europesays.com\/fr\/wp-json\/wp\/v2\/posts\/127564","targetHints":{"allow":["GET"]}}],"collection":[{"href":"https:\/\/www.europesays.com\/fr\/wp-json\/wp\/v2\/posts"}],"about":[{"href":"https:\/\/www.europesays.com\/fr\/wp-json\/wp\/v2\/types\/post"}],"author":[{"embeddable":true,"href":"https:\/\/www.europesays.com\/fr\/wp-json\/wp\/v2\/users\/2"}],"replies":[{"embeddable":true,"href":"https:\/\/www.europesays.com\/fr\/wp-json\/wp\/v2\/comments?post=127564"}],"version-history":[{"count":0,"href":"https:\/\/www.europesays.com\/fr\/wp-json\/wp\/v2\/posts\/127564\/revisions"}],"wp:featuredmedia":[{"embeddable":true,"href":"https:\/\/www.europesays.com\/fr\/wp-json\/wp\/v2\/media\/127565"}],"wp:attachment":[{"href":"https:\/\/www.europesays.com\/fr\/wp-json\/wp\/v2\/media?parent=127564"}],"wp:term":[{"taxonomy":"category","embeddable":true,"href":"https:\/\/www.europesays.com\/fr\/wp-json\/wp\/v2\/categories?post=127564"},{"taxonomy":"post_tag","embeddable":true,"href":"https:\/\/www.europesays.com\/fr\/wp-json\/wp\/v2\/tags?post=127564"}],"curies":[{"name":"wp","href":"https:\/\/api.w.org\/{rel}","templated":true}]}}