{"id":127572,"date":"2025-05-25T18:51:08","date_gmt":"2025-05-25T18:51:08","guid":{"rendered":"https:\/\/www.europesays.com\/fr\/127572\/"},"modified":"2025-05-25T18:51:08","modified_gmt":"2025-05-25T18:51:08","slug":"giro-tour-ditalie-egan-bernal-roglic-je-ne-sais-pas-ce-quil-sest-passe","status":"publish","type":"post","link":"https:\/\/www.europesays.com\/fr\/127572\/","title":{"rendered":"Giro. Tour d&rsquo;Italie &#8211; Egan Bernal : \u00abRoglic ? Je ne sais pas ce qu&rsquo;il s&rsquo;est pass\u00e9\u00bb"},"content":{"rendered":"<p><strong>Egan Bernal<\/strong> (INEOS Grenadiers) a \u00e9t\u00e9 l\u2019un des grands animateurs de la 15e \u00e9tape du <strong><a href=\"https:\/\/www.cyclismactu.net\/..\/news-giro-route-tour-d-italie-isaac-del-toro-imaginez-un-pays-entier-derriere-vous-88046.html\" target=\"_blank\" rel=\"nofollow noopener\">Tour d\u2019Italie<\/a><\/strong> ce dimanche. Le Colombien, \u00e9paul\u00e9 par une \u00e9quipe offensive, a choisi de dynamiter la course de loin, d\u00e8s les pentes du <strong>Monte Grappa<\/strong>. Il a remis \u00e7a dans la deuxi\u00e8me grande ascension du jour, la mont\u00e9e de <strong>Dori<\/strong>, contribuant \u00e0 faire exploser le groupe des favoris et \u00e0 distancer <strong>Primoz Roglic<\/strong>. \u00ab\u00a0Je ne sais pas vraiment ce qui lui est arriv\u00e9\u00a0\u00bb, a comment\u00e9 <strong>Bernal <\/strong>\u00e0 l\u2019arriv\u00e9e, \u00e9voquant la d\u00e9faillance du Slov\u00e8ne.<\/p>\n<p>Vid\u00e9o &#8211; Egan Bernal, dynamiteur de cette 15e \u00e9tape Lire la suite de l&rsquo;article&#13;<\/p>\n<p>\u00a0<\/p>\n<p>&#13;<br \/>\n\u00ab\u00a0La derni\u00e8re mont\u00e9e n&rsquo;\u00e9tait pas hyper raide&#8230;\u00a0\u00bb&#13;<\/p>\n<p><strong>Bernal<\/strong> est revenu sur sa petite \u00e9chapp\u00e9e : \u00ab\u00a0J&rsquo;ai juste essay\u00e9 d\u2019y aller \u00e0 fond sur le Monte Grappa, et une fois que j\u2019\u00e9tais avec un mec comme Thymen Arensman, qui est aussi super fort, et Richard (Carapaz), s\u2019il a les jambes, c\u2019est typiquement le genre de coureur qui aide. Donc c\u2019\u00e9tait bien d\u2019\u00eatre avec lui, on a bien collabor\u00e9. Mais on avait l\u2019impression que le groupe derri\u00e8re roulait aussi tr\u00e8s fort, parce que franchement, dans la descente, je me suis senti comme un bloc, m\u00eame un peu effray\u00e9, et pourtant les gars de derri\u00e8re sont revenus.\u00a0\u00bb<\/p>\n<p>&#13;<\/p>\n<p>\u00ab\u00a0Concernant Roglic, je ne sais pas vraiment ce qui lui est arriv\u00e9. La derni\u00e8re mont\u00e9e n\u2019\u00e9tait pas hyper raide, mais c\u2019est le genre de mont\u00e9e o\u00f9, si tu l\u00e2ches prise, tu peux perdre beaucoup de temps. Moi aussi, dans les derniers m\u00e8tres, j\u2019ai un peu souffert, c\u2019\u00e9tait super dur de garder le rythme avec les \u00ab gros \u00bb, mais je pense qu\u2019on a bien fait de tenter quelque chose. On est INEOS, on doit bouger, c\u2019est clair\u00a0\u00bb, a-t-il conclu.<\/p>\n<p>Tour d&rsquo;Italie &#8211; Classement de la 15\u00e8 \u00e9tape Tour d&rsquo;Italie &#8211; Classement g\u00e9n\u00e9ral provisoire apr\u00e8s la 15\u00e8 \u00e9tape<\/p>\n","protected":false},"excerpt":{"rendered":"Egan Bernal (INEOS Grenadiers) a \u00e9t\u00e9 l\u2019un des grands animateurs de la 15e \u00e9tape du Tour d\u2019Italie ce&hellip;\n","protected":false},"author":2,"featured_media":127573,"comment_status":"","ping_status":"","sticky":false,"template":"","format":"standard","meta":{"footnotes":""},"categories":[1411],"tags":[1154,207,1011,27,209,60,3318,208],"class_list":{"0":"post-127572","1":"post","2":"type-post","3":"status-publish","4":"format-standard","5":"has-post-thumbnail","7":"category-cyclisme","8":"tag-cycling","9":"tag-cyclisme","10":"tag-fr","11":"tag-france","12":"tag-route","13":"tag-sports","14":"tag-tour-d","15":"tag-velo"},"share_on_mastodon":{"url":"https:\/\/pubeurope.com\/@fr\/114569981695770879","error":""},"_links":{"self":[{"href":"https:\/\/www.europesays.com\/fr\/wp-json\/wp\/v2\/posts\/127572","targetHints":{"allow":["GET"]}}],"collection":[{"href":"https:\/\/www.europesays.com\/fr\/wp-json\/wp\/v2\/posts"}],"about":[{"href":"https:\/\/www.europesays.com\/fr\/wp-json\/wp\/v2\/types\/post"}],"author":[{"embeddable":true,"href":"https:\/\/www.europesays.com\/fr\/wp-json\/wp\/v2\/users\/2"}],"replies":[{"embeddable":true,"href":"https:\/\/www.europesays.com\/fr\/wp-json\/wp\/v2\/comments?post=127572"}],"version-history":[{"count":0,"href":"https:\/\/www.europesays.com\/fr\/wp-json\/wp\/v2\/posts\/127572\/revisions"}],"wp:featuredmedia":[{"embeddable":true,"href":"https:\/\/www.europesays.com\/fr\/wp-json\/wp\/v2\/media\/127573"}],"wp:attachment":[{"href":"https:\/\/www.europesays.com\/fr\/wp-json\/wp\/v2\/media?parent=127572"}],"wp:term":[{"taxonomy":"category","embeddable":true,"href":"https:\/\/www.europesays.com\/fr\/wp-json\/wp\/v2\/categories?post=127572"},{"taxonomy":"post_tag","embeddable":true,"href":"https:\/\/www.europesays.com\/fr\/wp-json\/wp\/v2\/tags?post=127572"}],"curies":[{"name":"wp","href":"https:\/\/api.w.org\/{rel}","templated":true}]}}