{"id":127580,"date":"2025-05-25T18:56:13","date_gmt":"2025-05-25T18:56:13","guid":{"rendered":"https:\/\/www.europesays.com\/fr\/127580\/"},"modified":"2025-05-25T18:56:13","modified_gmt":"2025-05-25T18:56:13","slug":"vincent-queijo-the-power-se-confie-sur-son-mal-etre-a-bali-ces-derniers-mois","status":"publish","type":"post","link":"https:\/\/www.europesays.com\/fr\/127580\/","title":{"rendered":"Vincent Queijo (The Power) se confie sur son mal-\u00eatre \u00e0 Bali ces derniers mois"},"content":{"rendered":"<p class=\"articleContent-meta\">\n        Aujourd&rsquo;hui \u00e0 18:00 &#8211; par             Doriane Kiniali<\/p>\n<p>                    Tweeter<\/p>\n<p>                    Partager sur Facebook<\/p>\n<p>                        <img decoding=\"async\" src=\"https:\/\/www.europesays.com\/fr\/wp-content\/uploads\/2025\/05\/vincent-queijo-tout-savoir-sur-la-star-de-tele-realite.jpg\" alt=\"Player Video\" class=\"player-applyRatio poster exclude-seedtag\"\/><\/p>\n<p>Vincent Queijo n&rsquo;est pas au meilleur de sa forme et il n&rsquo;h\u00e9site pas \u00e0 le dire haut et fort. Dans sa story Instagram, l&rsquo;influenceur, vu r\u00e9cemment dans The Power sur W9, a expliqu\u00e9 la raison derri\u00e8re son mal-\u00eatre.<\/p>\n<p>Cela fait d\u00e9j\u00e0 quelques ann\u00e9es que Vincent Queijo s&rsquo;est install\u00e9 \u00e0 Bali. Apr\u00e8s avoir v\u00e9cu en France, puis \u00e0 Duba\u00ef, l&rsquo;influenceur et sa compagne de l&rsquo;\u00e9poque, Rym Renom, <a href=\"https:\/\/www.programme.tv\/news\/tele-realite\/224971-la-vie-a-bali-vous-va-si-bien-rym-renom-et-vincent-queijo-mamans-et-celebres-partagent-une-danse-romantique-les-fans-emus-video\/\" rel=\"nofollow noopener\" target=\"_blank\">ont pos\u00e9 leurs valises sur l&rsquo;\u00eele paradisiaque<\/a>. Un changement qu&rsquo;il avait expliqu\u00e9 sur ses r\u00e9seaux sociaux. \u00ab\u00a0C&rsquo;\u00e9tait un besoin commun de partir vivre autre chose et se donner de nouveaux objectifs, surtout ouvrir l&rsquo;esprit \u00e0 nos enfants qui vont d\u00e9couvrir d&rsquo;autres cultures, en plus de leurs origines. L&rsquo;essentiel est d&rsquo;\u00eatre r\u00e9unis.\u00a0\u00bb <a href=\"https:\/\/www.programme.tv\/news\/tele-realite\/240301-jai-bien-fait-de-suivre-mon-intuition-rym-renom-mamans-celebres-ne-regrette-pas-d-avoir-divorce-de-vincent-queijo-elle-explique-pourquoi\/\" rel=\"nofollow noopener\" target=\"_blank\">La vie \u00e0 4 sur l&rsquo;\u00eele des dieux n&rsquo;a malheureusement pas dur\u00e9 <\/a>puisque le couple, rencontr\u00e9 sur le tournage de La Villa des c\u0153urs bris\u00e9s, s&rsquo;est s\u00e9par\u00e9 apr\u00e8s cinq ans d&rsquo;amour. Malgr\u00e9 leur rupture, <a href=\"https:\/\/www.programme.tv\/news\/tele-realite\/262151-une-attitude-agressive-et-inexcusable-vincent-queijo-exclu-de-the-power-par-la-production\/\" rel=\"nofollow noopener\" target=\"_blank\">l&rsquo;ancien candidat de The Power<\/a> est rest\u00e9 \u00e0 Bali pour le bien-\u00eatre de ses filles et semble aujourd&rsquo;hui \u00e9panoui. Mais la r\u00e9alit\u00e9 est tout autre&#8230;<\/p>\n<p><b>Vincent Queijo attrist\u00e9 : le manque de sa famille \u00e0 l&rsquo;origine de son mal-\u00eatre<\/b><\/p>\n<p>Vincent Queijo n&rsquo;est pas au meilleur de sa forme. Dans une story Instagram post\u00e9e ce samedi 24 mai, <a href=\"https:\/\/www.programme.tv\/news\/tele-realite\/262192-ca-a-ete-mon-erreur-marwa-la-villa-explique-pourquoi-elle-ne-veut-plus-s-exposer-avec-vincent-queijo\/\" rel=\"nofollow noopener\" target=\"_blank\">l&rsquo;ex-compagnon de Marwa<\/a> a r\u00e9v\u00e9l\u00e9 avoir \u00ab\u00a0la t\u00eate ailleurs\u00a0\u00bb. \u00ab\u00a0<b>En ce moment, je ne poste pas grand-chose&#8230; J&rsquo;essaye, vraiment, parce que j&rsquo;ai envie, mais je n&rsquo;y arrive pas trop. J&rsquo;ai la t\u00eate ailleurs<\/b>\u00ab\u00a0, a-t-il expliqu\u00e9, avant de donner la raison derri\u00e8re son mal-\u00eatre. \u00ab\u00a0Depuis le 10 janvier, je n&rsquo;ai pas vu ma famille, mes parents, mes fr\u00e8res, mes cousins, mes cousines, mes amis d&rsquo;enfance, mes amis proches&#8230; Et l\u00e0, le retour approche, et <b>je pense qu&rsquo;\u00e0 une chose : rentrer et les retrouver<\/b>. <b>Je n&rsquo;ai qu&rsquo;une h\u00e2te : revoir ma famille \u00e0 Paris. Ils me manquent \u00e9norm\u00e9ment<\/b>. C&rsquo;est pour \u00e7a que je suis un peu moins pr\u00e9sent ici en ce moment.\u00a0\u00bb<\/p>\n<p>                                    <b>Vincent Queijo au plus mal : <\/b><b>\u00ab\u00a0Je sens que mon corps me parle\u00a0\u00bb<\/b><\/p>\n<p>Ce mal-\u00eatre survient quelques semaines apr\u00e8s que le papa de Maria-Valentina et Alma <a href=\"https:\/\/www.programme.tv\/news\/tele-realite\/262226-ca-me-coute-de-ladmettre-vincent-queijo-prend-une-decision-radicale-pour-sa-nouvelle-vie-a-bali\/\" rel=\"nofollow noopener\" target=\"_blank\">a boulevers\u00e9 ses habitudes de vie \u00e0 la suite d&rsquo;une \u00e9ni\u00e8me blessure<\/a>. \u00ab\u00a0Je me blesse beaucoup trop. J&rsquo;ai mal un peu partout et je sens que mon corps me parle. Il me demande du repos&#8230; Et m\u00eame si \u00e7a me co\u00fbte de l&rsquo;admettre, je crois qu&rsquo;il est temps que je l&rsquo;\u00e9coute maintenant\u00a0\u00bb, confiait celui qui a mis toute activit\u00e9 sportive entre parenth\u00e8ses pour le moment. \u00ab\u00a0Je vais trouver d&rsquo;autres mani\u00e8res de m&rsquo;occuper et de garder mon esprit en mouvement, m\u00eame si physiquement, je dois \u00eatre au repos.\u00a0\u00bb<\/p>\n<p>Article \u00e9crit avec la collaboration de 6M\u00e9dias<\/p>\n<p>Rejoignez-nous sur Google News !<\/p>\n<p class=\"articleContent-pushTagline\">Abonnez-vous \u00e0 <a href=\"https:\/\/news.google.com\/publications\/CAAiEJwr-IZFXDFoZD1ePbkC_VcqFAgKIhCcK_iGRVwxaGQ9Xj25Av1X\" rel=\"nofollow noopener\" target=\"_blank\">T\u00e9l\u00e9 2 semaines sur Google News<\/a> pour ne manquer aucune info !<\/p>\n","protected":false},"excerpt":{"rendered":"Aujourd&rsquo;hui \u00e0 18:00 &#8211; par Doriane Kiniali Tweeter Partager sur Facebook Vincent Queijo n&rsquo;est pas au meilleur de&hellip;\n","protected":false},"author":2,"featured_media":127581,"comment_status":"","ping_status":"","sticky":false,"template":"","format":"standard","meta":{"footnotes":""},"categories":[1356],"tags":[4548,58,59,1011,27,25118,252,3604,1364,25119,6854],"class_list":{"0":"post-127580","1":"post","2":"type-post","3":"status-publish","4":"format-standard","5":"has-post-thumbnail","7":"category-television","8":"tag-channel_tl-story","9":"tag-divertissement","10":"tag-entertainment","11":"tag-fr","12":"tag-france","13":"tag-guid_6100734383001","14":"tag-television","15":"tag-tu00e9lu00e9-ru00e9alitu00e9","16":"tag-tv","17":"tag-uuid_05c18c84-5a91-4c23-b85c-d36aa5549a54","18":"tag-vincent-queijo"},"share_on_mastodon":{"url":"https:\/\/pubeurope.com\/@fr\/114570001461860923","error":""},"_links":{"self":[{"href":"https:\/\/www.europesays.com\/fr\/wp-json\/wp\/v2\/posts\/127580","targetHints":{"allow":["GET"]}}],"collection":[{"href":"https:\/\/www.europesays.com\/fr\/wp-json\/wp\/v2\/posts"}],"about":[{"href":"https:\/\/www.europesays.com\/fr\/wp-json\/wp\/v2\/types\/post"}],"author":[{"embeddable":true,"href":"https:\/\/www.europesays.com\/fr\/wp-json\/wp\/v2\/users\/2"}],"replies":[{"embeddable":true,"href":"https:\/\/www.europesays.com\/fr\/wp-json\/wp\/v2\/comments?post=127580"}],"version-history":[{"count":0,"href":"https:\/\/www.europesays.com\/fr\/wp-json\/wp\/v2\/posts\/127580\/revisions"}],"wp:featuredmedia":[{"embeddable":true,"href":"https:\/\/www.europesays.com\/fr\/wp-json\/wp\/v2\/media\/127581"}],"wp:attachment":[{"href":"https:\/\/www.europesays.com\/fr\/wp-json\/wp\/v2\/media?parent=127580"}],"wp:term":[{"taxonomy":"category","embeddable":true,"href":"https:\/\/www.europesays.com\/fr\/wp-json\/wp\/v2\/categories?post=127580"},{"taxonomy":"post_tag","embeddable":true,"href":"https:\/\/www.europesays.com\/fr\/wp-json\/wp\/v2\/tags?post=127580"}],"curies":[{"name":"wp","href":"https:\/\/api.w.org\/{rel}","templated":true}]}}