{"id":127582,"date":"2025-05-25T18:57:12","date_gmt":"2025-05-25T18:57:12","guid":{"rendered":"https:\/\/www.europesays.com\/fr\/127582\/"},"modified":"2025-05-25T18:57:12","modified_gmt":"2025-05-25T18:57:12","slug":"une-femme-de-48-ans-affirme-etre-la-fille-cachee-de-freddie-mercury-nous-avons-eu-une-relation-tres-fusionnelle","status":"publish","type":"post","link":"https:\/\/www.europesays.com\/fr\/127582\/","title":{"rendered":"Une femme de 48 ans affirme \u00eatre la fille cach\u00e9e de Freddie Mercury\u00a0: \u00ab\u00a0Nous avons eu une relation tr\u00e8s fusionnelle\u00a0\u00bb"},"content":{"rendered":"<p><a href=\"https:\/\/www.parismatch.be\/actualites\/people\/2024\/02\/29\/la-maison-de-freddie-mercury-est-a-vendre-voici-a-quoi-ressemble-cette-proriete-londonnienne-IVOZP4MUUZCPLMDZ37UIELK3OM\/\" target=\"_blank\" rel=\"noopener noreferrer\" class=\"ap-StoryInterstitialLink ap-StoryElement ap-StoryElement--mb\">La maison de Freddie Mercury est \u00e0 vendre: voici \u00e0 quoi ressemble cette prori\u00e9t\u00e9 londonnienne<\/a>\u00ab\u00a0Trois d\u00e9cennies de mensonges\u00a0\u00bb<\/p>\n<p class=\"ap-StoryElement ap-StoryElement--mb ap-StoryText\">Malgr\u00e9 tout, cette femme a connu son p\u00e8re. Elle explique d&rsquo;ailleurs qu&rsquo;elle a gard\u00e9 des documents, comme des journaux intimes, que son p\u00e8re lui a donn\u00e9s. \u00ab\u00a0Nous avons eu une relation tr\u00e8s fusionnelle et tr\u00e8s aimante de ma naissance \u00e0 sa mort, 15 ans plus tard\u00a0\u00bb, a-t-elle racont\u00e9, selon le Daily Mail.<\/p>\n<p class=\"ap-StoryElement ap-StoryElement--mb ap-StoryText\">\u00ab\u00a0Apr\u00e8s plus de trois d\u00e9cennies de mensonges, de th\u00e9ories foireuses et de falsifications, il est temps de laisser Freddie s&rsquo;exprimer\u00a0\u00bb, explique \u00ab\u00a0B\u00a0\u00bb. \u00ab\u00a0Ceux qui connaissaient mon existence et ont gard\u00e9 le secret l&rsquo;ont fait par loyaut\u00e9 \u00e0 Freddie. C&rsquo;est moi qui ai d\u00e9cid\u00e9 de r\u00e9v\u00e9ler mon existence. Je n&rsquo;ai pas \u00e9t\u00e9 contrainte de le faire.\u00a0\u00bb<\/p>\n<p class=\"ap-StoryElement ap-StoryElement--mb ap-StoryText\">De son c\u00f4t\u00e9, l&rsquo;autrice, sceptique dans un premier temps, se dit convaincue par l&rsquo;histoire de la femme de 48 ans. \u00ab\u00a0Mon instinct m&rsquo;a dit de me m\u00e9fier, mais je ne crois pas qu&rsquo;elle affabule. Personne n&rsquo;aurait pu trafiquer tout \u00e7a.\u00a0\u00bb<\/p>\n","protected":false},"excerpt":{"rendered":"La maison de Freddie Mercury est \u00e0 vendre: voici \u00e0 quoi ressemble cette prori\u00e9t\u00e9 londonnienne\u00ab\u00a0Trois d\u00e9cennies de mensonges\u00a0\u00bb&hellip;\n","protected":false},"author":2,"featured_media":127583,"comment_status":"","ping_status":"","sticky":false,"template":"","format":"standard","meta":{"footnotes":""},"categories":[1355],"tags":[2593,17098,1696,58,59,25121,1011,27,12977,2003,1361,873,25120],"class_list":{"0":"post-127582","1":"post","2":"type-post","3":"status-publish","4":"format-standard","5":"has-post-thumbnail","7":"category-musique","8":"tag-artiste","9":"tag-biographie","10":"tag-chanteur","11":"tag-divertissement","12":"tag-entertainment","13":"tag-fille-cachee","14":"tag-fr","15":"tag-france","16":"tag-freddie-mercury","17":"tag-livre","18":"tag-music","19":"tag-musique","20":"tag-queen"},"share_on_mastodon":{"url":"https:\/\/pubeurope.com\/@fr\/114570005314470168","error":""},"_links":{"self":[{"href":"https:\/\/www.europesays.com\/fr\/wp-json\/wp\/v2\/posts\/127582","targetHints":{"allow":["GET"]}}],"collection":[{"href":"https:\/\/www.europesays.com\/fr\/wp-json\/wp\/v2\/posts"}],"about":[{"href":"https:\/\/www.europesays.com\/fr\/wp-json\/wp\/v2\/types\/post"}],"author":[{"embeddable":true,"href":"https:\/\/www.europesays.com\/fr\/wp-json\/wp\/v2\/users\/2"}],"replies":[{"embeddable":true,"href":"https:\/\/www.europesays.com\/fr\/wp-json\/wp\/v2\/comments?post=127582"}],"version-history":[{"count":0,"href":"https:\/\/www.europesays.com\/fr\/wp-json\/wp\/v2\/posts\/127582\/revisions"}],"wp:featuredmedia":[{"embeddable":true,"href":"https:\/\/www.europesays.com\/fr\/wp-json\/wp\/v2\/media\/127583"}],"wp:attachment":[{"href":"https:\/\/www.europesays.com\/fr\/wp-json\/wp\/v2\/media?parent=127582"}],"wp:term":[{"taxonomy":"category","embeddable":true,"href":"https:\/\/www.europesays.com\/fr\/wp-json\/wp\/v2\/categories?post=127582"},{"taxonomy":"post_tag","embeddable":true,"href":"https:\/\/www.europesays.com\/fr\/wp-json\/wp\/v2\/tags?post=127582"}],"curies":[{"name":"wp","href":"https:\/\/api.w.org\/{rel}","templated":true}]}}