{"id":127590,"date":"2025-05-25T19:01:08","date_gmt":"2025-05-25T19:01:08","guid":{"rendered":"https:\/\/www.europesays.com\/fr\/127590\/"},"modified":"2025-05-25T19:01:08","modified_gmt":"2025-05-25T19:01:08","slug":"outre-par-la-reaction-de-jean-noel-barrot-a-la-victoire-de-jafar-panahi-teheran-convoque-le-charge-daffaires-francais-liberation","status":"publish","type":"post","link":"https:\/\/www.europesays.com\/fr\/127590\/","title":{"rendered":"outr\u00e9 par la r\u00e9action de Jean-No\u00ebl Barrot \u00e0 la victoire de Jafar Panahi, T\u00e9h\u00e9ran convoque le charg\u00e9 d\u2019affaires fran\u00e7ais \u2013 Lib\u00e9ration"},"content":{"rendered":"<p class=\"sc-ksZaOG ehjQrN text-element\">Rest\u00e9 silencieux jusque-l\u00e0, T\u00e9h\u00e9ran l\u00e8ve la voix. Il aura suffi de lire le commentaire de Jean-No\u00ebl Barrot pour que les dirigeants de la r\u00e9publique islamique fassent entendre leur courroux dans la vague de r\u00e9actions \u00e0 la palme d\u2019or de Jafar Panahi \u00e0 Cannes, samedi 24 mai<\/p>\n<p class=\"sc-ksZaOG ehjQrN text-element\">\u00abSuite aux propos insultants et aux all\u00e9gations infond\u00e9es du ministre fran\u00e7ais des Affaires \u00e9trang\u00e8res \u00e0 l\u2019encontre de l\u2019Iran, le charg\u00e9 d\u2019affaires \u00e0 T\u00e9h\u00e9ran a \u00e9t\u00e9 convoqu\u00e9 au minist\u00e8re\u00bb, a indiqu\u00e9 l\u2019agence officielle Irna. Dans un message sur X saluant la Palme d\u2019or, le ministre des Affaires \u00e9trang\u00e8res avait reconnu dans Un simple accident, le film de Panahi, ancien prisonnier politique en Iran, \u00abun geste de r\u00e9sistance contre l\u2019oppression du r\u00e9gime iranien, [&#8230;] qui ravive l\u2019espoir pour tous les combattants de la libert\u00e9, partout dans le monde\u00bb. Plus largement, pr\u00e9cise l\u2019agence, l\u2019Iran condamne \u00abl\u2019utilisation abusive par le gouvernement fran\u00e7ais\u00bb du Festival de\u00a0Cannes \u00abpour faire avancer son agenda politique contre la R\u00e9publique islamique\u00bb.<\/p>\n<p class=\"sc-ksZaOG ehjQrN text-element\">Critique sans d\u00e9tour du joug iranien, <a href=\"https:\/\/www.liberation.fr\/culture\/cinema\/cannes-2025-un-simple-accident-de-jafar-panahi-critique-sans-detour-du-joug-iranien-20250520_BH7HGVMU65AM7AQZ2A3CEITJUQ\/\" target=\"_blank\" rel=\"noreferrer noopener\" title=\"https:\/\/www.liberation.fr\/culture\/cinema\/cannes-2025-un-simple-accident-de-jafar-panahi-critique-sans-detour-du-joug-iranien-20250520_BH7HGVMU65AM7AQZ2A3CEITJUQ\/\">Un simple accident<\/a> a \u00e9t\u00e9 tourn\u00e9 \u00e0 la sortie de prison de Jafar Panahi, emprisonn\u00e9 sept mois entre 2022 et 2023. Le film, un r\u00e8glement de comptes avec le r\u00e9gime, raconte la relation entre une victime et son bourreau lors d\u2019une vir\u00e9e en van. Avant la r\u00e9action officielle du r\u00e9gime, il avait fallu se contenter de brefs commentaires de presse, \u00e0 commencer par l\u2019agence d\u2019Etat Fars, qui avait affirm\u00e9 que le choix du jury \u00e9tait politique. Comme relev\u00e9 <a href=\"https:\/\/www.courrierinternational.com\/article\/vu-d-iran-le-regime-denonce-la-palme-d-or-politique-decernee-au-dissident-jafar-panahi_231268\" target=\"_blank\" rel=\"noreferrer noopener\" title=\"https:\/\/www.courrierinternational.com\/article\/vu-d-iran-le-regime-denonce-la-palme-d-or-politique-decernee-au-dissident-jafar-panahi_231268\">par Courrier international,<\/a> le m\u00e9dia ultraconservateur\u00a0SNN\u00a0avait aussi convoqu\u00e9 le mort de Jean-No\u00ebl Barrot, \u00abun message sur X faisant l\u2019\u00e9loge de cette \u0153uvre ridicule\u00bb.<\/p>\n<p class=\"sc-ksZaOG ehjQrN text-element\">Les quotidiens r\u00e9formateurs Etemad, Shargh et Ham Mihan avaient rapport\u00e9 en ligne de fa\u00e7on factuelle la victoire de Panahi, sans l\u2019assortir de commentaire. Mais aucune mention n\u2019est faite sur leur version papier. Pour sa part, la t\u00e9l\u00e9vision d\u2019Etat a pass\u00e9 sous silence la Palme d\u2019or, mettant l\u2019accent sur le Festival du film de la R\u00e9sistance, un \u00e9v\u00e9nement officiel qui prime des oeuvres pro-palestiniennes ou sur la guerre Iran-Irak (1980-1988).<\/p>\n","protected":false},"excerpt":{"rendered":"Rest\u00e9 silencieux jusque-l\u00e0, T\u00e9h\u00e9ran l\u00e8ve la voix. Il aura suffi de lire le commentaire de Jean-No\u00ebl Barrot pour&hellip;\n","protected":false},"author":2,"featured_media":127591,"comment_status":"","ping_status":"","sticky":false,"template":"","format":"standard","meta":{"footnotes":""},"categories":[8],"tags":[58,59,5634,1011,27,3019],"class_list":{"0":"post-127590","1":"post","2":"type-post","3":"status-publish","4":"format-standard","5":"has-post-thumbnail","7":"category-divertissement","8":"tag-divertissement","9":"tag-entertainment","10":"tag-festival-de-cannes","11":"tag-fr","12":"tag-france","13":"tag-iran"},"share_on_mastodon":{"url":"https:\/\/pubeurope.com\/@fr\/114570021086865791","error":""},"_links":{"self":[{"href":"https:\/\/www.europesays.com\/fr\/wp-json\/wp\/v2\/posts\/127590","targetHints":{"allow":["GET"]}}],"collection":[{"href":"https:\/\/www.europesays.com\/fr\/wp-json\/wp\/v2\/posts"}],"about":[{"href":"https:\/\/www.europesays.com\/fr\/wp-json\/wp\/v2\/types\/post"}],"author":[{"embeddable":true,"href":"https:\/\/www.europesays.com\/fr\/wp-json\/wp\/v2\/users\/2"}],"replies":[{"embeddable":true,"href":"https:\/\/www.europesays.com\/fr\/wp-json\/wp\/v2\/comments?post=127590"}],"version-history":[{"count":0,"href":"https:\/\/www.europesays.com\/fr\/wp-json\/wp\/v2\/posts\/127590\/revisions"}],"wp:featuredmedia":[{"embeddable":true,"href":"https:\/\/www.europesays.com\/fr\/wp-json\/wp\/v2\/media\/127591"}],"wp:attachment":[{"href":"https:\/\/www.europesays.com\/fr\/wp-json\/wp\/v2\/media?parent=127590"}],"wp:term":[{"taxonomy":"category","embeddable":true,"href":"https:\/\/www.europesays.com\/fr\/wp-json\/wp\/v2\/categories?post=127590"},{"taxonomy":"post_tag","embeddable":true,"href":"https:\/\/www.europesays.com\/fr\/wp-json\/wp\/v2\/tags?post=127590"}],"curies":[{"name":"wp","href":"https:\/\/api.w.org\/{rel}","templated":true}]}}