{"id":127603,"date":"2025-05-25T19:08:11","date_gmt":"2025-05-25T19:08:11","guid":{"rendered":"https:\/\/www.europesays.com\/fr\/127603\/"},"modified":"2025-05-25T19:08:11","modified_gmt":"2025-05-25T19:08:11","slug":"serie-noire-a-saint-etienne-la-ville-touchee-par-une-vague-dincendies","status":"publish","type":"post","link":"https:\/\/www.europesays.com\/fr\/127603\/","title":{"rendered":"S\u00c9RIE NOIRE \u00c0 SAINT-\u00c9TIENNE : LA VILLE TOUCH\u00c9E PAR UNE VAGUE D&rsquo;INCENDIES"},"content":{"rendered":"<p>                <a href=\"https:\/\/42info.fr\/gagnez-vos-airpods-pro\/\" target=\"_blank\" aria-label=\"Gagnez Airpod\" rel=\"nofollow noopener\"><img loading=\"lazy\" decoding=\"async\" src=\"https:\/\/www.europesays.com\/fr\/wp-content\/uploads\/2025\/05\/Gagnez-Airpod-scaled.jpg\" alt=\"\"   width=\"2560\" height=\"960\"\/><\/a><\/p>\n<p>Entre 6h et 7h du matin, pas moins de cinquante sapeurs-pompiers ont \u00e9t\u00e9 d\u00e9ploy\u00e9s sur diff\u00e9rents points de la ville pour faire face \u00e0 une succession d\u2019incendies qui ont touch\u00e9 principalement des v\u00e9hicules.<\/p>\n<p>Une matin\u00e9e sous haute tension<\/p>\n<p>La premi\u00e8re alerte a retenti peu apr\u00e8s 6h du matin, boulevard Chantalouette, o\u00f9 deux automobiles \u00e9taient la proie des flammes. Les \u00e9quipes d\u2019intervention ont rapidement ma\u00eetris\u00e9 le sinistre \u00e0 l\u2019aide d\u2019une lance \u00e0 eau. Mais \u00e0 peine cette op\u00e9ration termin\u00e9e, une nouvelle urgence les attendait rue Moulinier. L\u00e0, trois v\u00e9hicules suppl\u00e9mentaires \u00e9taient en feu, compliqu\u00e9s par une fuite de gaz qui a priv\u00e9 environ 200 foyers de leur alimentation.<\/p>\n<p>Le quartier de Bellevue particuli\u00e8rement touch\u00e9<\/p>\n<p>Aux alentours de 6h45, le quartier de Bellevue est devenu le nouvel \u00e9picentre de cette matin\u00e9e agit\u00e9e. Dans le secteur de la rue Thimonnier, les flammes ont cette fois ravag\u00e9 le parking souterrain d\u2019un immeuble r\u00e9sidentiel, d\u00e9truisant au passage une moto et une voiture. Face au d\u00e9gagement important de fum\u00e9es toxiques, les services de secours ont proc\u00e9d\u00e9 \u00e0 l\u2019\u00e9vacuation pr\u00e9ventive de 25 r\u00e9sidents. Fort heureusement, apr\u00e8s des examens m\u00e9dicaux rapides effectu\u00e9s sur place, aucune hospitalisation n\u2019a \u00e9t\u00e9 jug\u00e9e n\u00e9cessaire.<\/p>\n<p>Bilan mat\u00e9riel lourd<\/p>\n<p>La derni\u00e8re intervention de cette s\u00e9rie noire s\u2019est d\u00e9roul\u00e9e rue Chomier, o\u00f9 quatre v\u00e9hicules suppl\u00e9mentaires ont \u00e9t\u00e9 retrouv\u00e9s enti\u00e8rement consum\u00e9s. Malgr\u00e9 l\u2019utilisation de deux lances \u00e0 eau, les d\u00e9g\u00e2ts collat\u00e9raux n\u2019ont pu \u00eatre \u00e9vit\u00e9s : la fa\u00e7ade d\u2019un immeuble adjacent porte d\u00e9sormais les stigmates de cet incendie.<\/p>\n<p>Au total, ce sont donc onze v\u00e9hicules et une moto qui ont \u00e9t\u00e9 d\u00e9truits en l\u2019espace d\u2019une heure, sans compter les dommages caus\u00e9s aux infrastructures environnantes. Si aucune victime n\u2019est \u00e0 d\u00e9plorer, cette s\u00e9rie d\u2019incidents pose question sur leur origine et leur caract\u00e8re potentiellement coordonn\u00e9. Une enqu\u00eate devrait \u00eatre ouverte pour d\u00e9terminer les causes de ces multiples d\u00e9parts de feu survenus dans un laps de temps aussi court.<\/p>\n","protected":false},"excerpt":{"rendered":"Entre 6h et 7h du matin, pas moins de cinquante sapeurs-pompiers ont \u00e9t\u00e9 d\u00e9ploy\u00e9s sur diff\u00e9rents points de&hellip;\n","protected":false},"author":2,"featured_media":127604,"comment_status":"","ping_status":"","sticky":false,"template":"","format":"standard","meta":{"footnotes":""},"categories":[9653],"tags":[1111,11,2430,1777,674,118,1011,27,3367,12,25,4001],"class_list":{"0":"post-127603","1":"post","2":"type-post","3":"status-publish","4":"format-standard","5":"has-post-thumbnail","7":"category-saint-etienne","8":"tag-actu","9":"tag-actualites","10":"tag-auvergne-rhone-alpes","11":"tag-eu","12":"tag-europe","13":"tag-faits-divers","14":"tag-fr","15":"tag-france","16":"tag-loire","17":"tag-news","18":"tag-republique-francaise","19":"tag-saint-etienne"},"share_on_mastodon":{"url":"https:\/\/pubeurope.com\/@fr\/114570048500478537","error":""},"_links":{"self":[{"href":"https:\/\/www.europesays.com\/fr\/wp-json\/wp\/v2\/posts\/127603","targetHints":{"allow":["GET"]}}],"collection":[{"href":"https:\/\/www.europesays.com\/fr\/wp-json\/wp\/v2\/posts"}],"about":[{"href":"https:\/\/www.europesays.com\/fr\/wp-json\/wp\/v2\/types\/post"}],"author":[{"embeddable":true,"href":"https:\/\/www.europesays.com\/fr\/wp-json\/wp\/v2\/users\/2"}],"replies":[{"embeddable":true,"href":"https:\/\/www.europesays.com\/fr\/wp-json\/wp\/v2\/comments?post=127603"}],"version-history":[{"count":0,"href":"https:\/\/www.europesays.com\/fr\/wp-json\/wp\/v2\/posts\/127603\/revisions"}],"wp:featuredmedia":[{"embeddable":true,"href":"https:\/\/www.europesays.com\/fr\/wp-json\/wp\/v2\/media\/127604"}],"wp:attachment":[{"href":"https:\/\/www.europesays.com\/fr\/wp-json\/wp\/v2\/media?parent=127603"}],"wp:term":[{"taxonomy":"category","embeddable":true,"href":"https:\/\/www.europesays.com\/fr\/wp-json\/wp\/v2\/categories?post=127603"},{"taxonomy":"post_tag","embeddable":true,"href":"https:\/\/www.europesays.com\/fr\/wp-json\/wp\/v2\/tags?post=127603"}],"curies":[{"name":"wp","href":"https:\/\/api.w.org\/{rel}","templated":true}]}}