{"id":127614,"date":"2025-05-25T19:19:09","date_gmt":"2025-05-25T19:19:09","guid":{"rendered":"https:\/\/www.europesays.com\/fr\/127614\/"},"modified":"2025-05-25T19:19:09","modified_gmt":"2025-05-25T19:19:09","slug":"grenoble-julien-clerc-en-concert-au-nouvel-auditorium-dalpexpo-en-fevrier-2026","status":"publish","type":"post","link":"https:\/\/www.europesays.com\/fr\/127614\/","title":{"rendered":"Grenoble. Julien Clerc en concert au nouvel auditorium d\u2019Alpexpo en f\u00e9vrier 2026"},"content":{"rendered":"<p>Ce n\u2019est rien, Si on chantait, Ma pr\u00e9f\u00e9rence\u2026 D\u00e9j\u00e0 plus de 50 ans que <a href=\"https:\/\/www.ledauphine.com\/p\/julien-clerc\" target=\"_blank\" rel=\"nofollow noopener\">Julien Clerc<\/a> nous enchante avec ses m\u00e9lodies qui ont travers\u00e9 tant les \u00e9poques que les g\u00e9n\u00e9rations. Il revient sur sc\u00e8ne en 2026 et sera l\u2019une des stars de la saison de <a href=\"https:\/\/www.ledauphine.com\/culture-loisirs\/2025\/04\/17\/isere-grenoble-une-des-premieres-en-france-a-beneficier-de-ce-type-d-acoustique-l-ultramoderne-auditorium-entre-en-scene-a-alpexpo\" target=\"_blank\" rel=\"nofollow noopener\">L\u2019Auditorium, la nouvelle salle ultramoderne d\u2019Alpexpo<\/a>. Il vient de sortir son 28e album studio, Une vie, un disque qui se veut personnel et sensible, pens\u00e9 comme une travers\u00e9e intime.<\/p>\n<p>Il y a retrouv\u00e9 ses fid\u00e8les auteurs\u00a0: Paul \u00c9cole, Carla Bruni, Serge Lama, Ga\u00ebtan Roussel, Didier Barbelivien. Le tout sous la direction de Benjamin Biolay avec qui il avait d\u00e9j\u00e0 travaill\u00e9. \u00ab\u00a0\u00c0 partir du moment o\u00f9 je ne suis pas capable d\u2019\u00e9crire mes mots, je fais confiance aux auteurs qui \u00e9crivent pour moi, <a href=\"https:\/\/www.radiofrance.fr\/franceinter\/podcasts\/l-invite-de-7h50\/l-invite-de-7h50-du-mercredi-21-mai-2025-2153154\" target=\"_blank\" rel=\"nofollow noopener\">a expliqu\u00e9 le chanteur sur France Inter<\/a>. J\u2019ai essay\u00e9 il y a longtemps. Mais enfin, ce n\u2019\u00e9tait pas bien du tout. Donc, il fallait que je demande \u00e0 d\u2019autres. Je me contente de faire la musique, de faire les m\u00e9lodies et de confier les mots \u00e0 d\u2019autres.\u00a0\u00bb<\/p>\n<p class=\"note\">Samedi 28\u00a0f\u00e9vrier 2026 \u00e0 20\u00a0h \u00e0 L\u2019Auditorium de Grenoble.\u00a0 Tarifs\u00a0: de 59 \u00e0 69\u00a0\u20ac.<\/p>\n","protected":false},"excerpt":{"rendered":"Ce n\u2019est rien, Si on chantait, Ma pr\u00e9f\u00e9rence\u2026 D\u00e9j\u00e0 plus de 50 ans que Julien Clerc nous enchante&hellip;\n","protected":false},"author":2,"featured_media":127615,"comment_status":"","ping_status":"","sticky":false,"template":"","format":"standard","meta":{"footnotes":""},"categories":[9566],"tags":[1111,11,2430,1687,112,1777,674,1011,27,2731,2732,108,873,12,25,3140],"class_list":{"0":"post-127614","1":"post","2":"type-post","3":"status-publish","4":"format-standard","5":"has-post-thumbnail","7":"category-grenoble","8":"tag-actu","9":"tag-actualites","10":"tag-auvergne-rhone-alpes","11":"tag-culture-loisirs","12":"tag-edition-grenoble-agglomeration","13":"tag-eu","14":"tag-europe","15":"tag-fr","16":"tag-france","17":"tag-grenoble","18":"tag-grenoble-bassin","19":"tag-isere","20":"tag-musique","21":"tag-news","22":"tag-republique-francaise","23":"tag-spectacle"},"share_on_mastodon":{"url":"https:\/\/pubeurope.com\/@fr\/114570091829625465","error":""},"_links":{"self":[{"href":"https:\/\/www.europesays.com\/fr\/wp-json\/wp\/v2\/posts\/127614","targetHints":{"allow":["GET"]}}],"collection":[{"href":"https:\/\/www.europesays.com\/fr\/wp-json\/wp\/v2\/posts"}],"about":[{"href":"https:\/\/www.europesays.com\/fr\/wp-json\/wp\/v2\/types\/post"}],"author":[{"embeddable":true,"href":"https:\/\/www.europesays.com\/fr\/wp-json\/wp\/v2\/users\/2"}],"replies":[{"embeddable":true,"href":"https:\/\/www.europesays.com\/fr\/wp-json\/wp\/v2\/comments?post=127614"}],"version-history":[{"count":0,"href":"https:\/\/www.europesays.com\/fr\/wp-json\/wp\/v2\/posts\/127614\/revisions"}],"wp:featuredmedia":[{"embeddable":true,"href":"https:\/\/www.europesays.com\/fr\/wp-json\/wp\/v2\/media\/127615"}],"wp:attachment":[{"href":"https:\/\/www.europesays.com\/fr\/wp-json\/wp\/v2\/media?parent=127614"}],"wp:term":[{"taxonomy":"category","embeddable":true,"href":"https:\/\/www.europesays.com\/fr\/wp-json\/wp\/v2\/categories?post=127614"},{"taxonomy":"post_tag","embeddable":true,"href":"https:\/\/www.europesays.com\/fr\/wp-json\/wp\/v2\/tags?post=127614"}],"curies":[{"name":"wp","href":"https:\/\/api.w.org\/{rel}","templated":true}]}}