{"id":127616,"date":"2025-05-25T19:20:28","date_gmt":"2025-05-25T19:20:28","guid":{"rendered":"https:\/\/www.europesays.com\/fr\/127616\/"},"modified":"2025-05-25T19:20:28","modified_gmt":"2025-05-25T19:20:28","slug":"pro-d2-la-metro-semble-faire-la-sourde-oreille-patrick-goffi-lance-le-dossier-brulant-du-stade-des-alpes","status":"publish","type":"post","link":"https:\/\/www.europesays.com\/fr\/127616\/","title":{"rendered":"Pro D2. \u00ab La M\u00e9tro semble faire la sourde oreille \u00bb : Patrick Goffi lance le dossier br\u00fblant du Stade des Alpes"},"content":{"rendered":"<p>Il y a la demi-finale de jeudi et l\u2019actualit\u00e9 en coulisses du FCG, comme du GF 38 d\u2019ailleurs, concernant l\u2019enceinte grenobloise dont les deux clubs r\u00e9sidents avaient repris la gestion via la soci\u00e9t\u00e9 GAS (Grenoble Alpes Sport) en 2020 et la signature d\u2019une CODP (convention d\u2019occupation du domaine public). <a href=\"https:\/\/www.ledauphine.com\/sport\/2025\/02\/26\/isere-metropole-de-grenoble-stade-des-alpes-le-fcg-met-la-pression-sur-la-metro-c-est-cinq-fois-plus-cher-que-pour-les-autres-clubs-de-pro-d2\" target=\"_blank\" rel=\"noopener\">Il se trouve que cette dite convention<\/a> a \u00e9t\u00e9 d\u00e9nonc\u00e9e fin d\u00e9cembre et que l\u2019appel \u00e0 manifestation d\u2019int\u00e9r\u00eat lanc\u00e9e par la M\u00e9tro arrive prochainement \u00e0 \u00e9ch\u00e9ance (30\u00a0juin).<\/p>\n<p>L\u2019actualit\u00e9 plut\u00f4t porteuse de son club a donc incit\u00e9 <a href=\"https:\/\/www.ledauphine.com\/p\/patrick-goffi\" target=\"_blank\" rel=\"noopener\">Patrick Goffi<\/a> a faire bouger les choses et convoquer d\u00e8s ce lundi matin une conf\u00e9rence de presse. \u00ab\u200aOn est au c\u0153ur du d\u00e9bat, confirme-t-il. L\u2019\u00e9ch\u00e9ance est tr\u00e8s proche et effectivement, on monte au cr\u00e9neau.\u200a\u00bb Plusieurs raisons \u00e0 cela\u200a: le d\u00e9ficit structurel affich\u00e9 par GAS (300\u200a000\u00a0\u20ac annuel) mais surtout le co\u00fbt de participation qui p\u00e8se sur les clubs (500\u200a000\u00a0\u20ac environ \u00e0 l\u2019ann\u00e9e). <\/p>\n<p>\u00ab C\u2019est un risque politique que je vais leur proposer \u00bb<\/p>\n<p>\u00ab\u200aOn a fait notre offre avec des co\u00fbts de participation de l\u2019ordre de 50\u00a0%, ce qui reste encore deux fois et demie plus \u00e9lev\u00e9 que ce que paye la moyenne des clubs en France, tranche Patrick Goffi, tr\u00e8s actif sur ce dossier. La M\u00e9tro semble faire la sourde oreille et vouloir reprendre le stade en R\u00e9gie mais je pr\u00e9viens\u200a: si c\u2019est \u00e7a, on leur donnera le quart de ce qu\u2019on paye aujourd\u2019hui. Apr\u00e8s, il faudra qu\u2019elle nous dise qu\u2019on ne peut plus faire \u00e9voluer les clubs de sport \u00e0 Grenoble. \u00c7a, c\u2019est un risque politique que je vais leur proposer ce lundi. \u00c0 eux de trancher.\u200a\u00bb<\/p>\n<p>Voil\u00e0 qui plante le d\u00e9cor d\u2019un d\u00e9bat qui anime la m\u00e9tropole de Grenoble depuis de longues semaines. \u00c0 l\u2019heure o\u00f9 l\u2019un de ses deux clubs phares est peut-\u00eatre en passe de rejoindre l\u2019\u00e9lite, il est temps de s\u2019y pencher.<\/p>\n","protected":false},"excerpt":{"rendered":"Il y a la demi-finale de jeudi et l\u2019actualit\u00e9 en coulisses du FCG, comme du GF 38 d\u2019ailleurs,&hellip;\n","protected":false},"author":2,"featured_media":127617,"comment_status":"","ping_status":"","sticky":false,"template":"","format":"standard","meta":{"footnotes":""},"categories":[9566],"tags":[1111,11,2430,112,113,114,1777,674,2727,107,1701,63,1011,27,12637,2731,2732,108,1985,12,2308,25,479,106,517],"class_list":{"0":"post-127616","1":"post","2":"type-post","3":"status-publish","4":"format-standard","5":"has-post-thumbnail","7":"category-grenoble","8":"tag-actu","9":"tag-actualites","10":"tag-auvergne-rhone-alpes","11":"tag-edition-grenoble-agglomeration","12":"tag-edition-gresivaudan-oisans","13":"tag-edition-voiron-saint-marcellin","14":"tag-eu","15":"tag-europe","16":"tag-fcg-fc-grenoble-rugby","17":"tag-fil-info","18":"tag-fil-info-sport","19":"tag-football","20":"tag-fr","21":"tag-france","22":"tag-gf38-grenoble-foot-38","23":"tag-grenoble","24":"tag-grenoble-bassin","25":"tag-isere","26":"tag-metropole-de-grenoble","27":"tag-news","28":"tag-pro-d2","29":"tag-republique-francaise","30":"tag-rugby","31":"tag-selection-de-la-redaction-38","32":"tag-sport"},"share_on_mastodon":{"url":"https:\/\/pubeurope.com\/@fr\/114570095721843723","error":""},"_links":{"self":[{"href":"https:\/\/www.europesays.com\/fr\/wp-json\/wp\/v2\/posts\/127616","targetHints":{"allow":["GET"]}}],"collection":[{"href":"https:\/\/www.europesays.com\/fr\/wp-json\/wp\/v2\/posts"}],"about":[{"href":"https:\/\/www.europesays.com\/fr\/wp-json\/wp\/v2\/types\/post"}],"author":[{"embeddable":true,"href":"https:\/\/www.europesays.com\/fr\/wp-json\/wp\/v2\/users\/2"}],"replies":[{"embeddable":true,"href":"https:\/\/www.europesays.com\/fr\/wp-json\/wp\/v2\/comments?post=127616"}],"version-history":[{"count":0,"href":"https:\/\/www.europesays.com\/fr\/wp-json\/wp\/v2\/posts\/127616\/revisions"}],"wp:featuredmedia":[{"embeddable":true,"href":"https:\/\/www.europesays.com\/fr\/wp-json\/wp\/v2\/media\/127617"}],"wp:attachment":[{"href":"https:\/\/www.europesays.com\/fr\/wp-json\/wp\/v2\/media?parent=127616"}],"wp:term":[{"taxonomy":"category","embeddable":true,"href":"https:\/\/www.europesays.com\/fr\/wp-json\/wp\/v2\/categories?post=127616"},{"taxonomy":"post_tag","embeddable":true,"href":"https:\/\/www.europesays.com\/fr\/wp-json\/wp\/v2\/tags?post=127616"}],"curies":[{"name":"wp","href":"https:\/\/api.w.org\/{rel}","templated":true}]}}