{"id":127622,"date":"2025-05-25T19:23:09","date_gmt":"2025-05-25T19:23:09","guid":{"rendered":"https:\/\/www.europesays.com\/fr\/127622\/"},"modified":"2025-05-25T19:23:09","modified_gmt":"2025-05-25T19:23:09","slug":"strasbourg-40-000-amateurs-de-graff-de-glisse-et-de-basket-au-nl-contest","status":"publish","type":"post","link":"https:\/\/www.europesays.com\/fr\/127622\/","title":{"rendered":"Strasbourg. 40 000 amateurs de graff, de glisse et de basket au NL Contest"},"content":{"rendered":"<p>  200 athl\u00e8tes au rendez-vous<\/p>\n<p>Au programme de cette derni\u00e8re journ\u00e9e, la tr\u00e8s belle finale de roller femme, remport\u00e9e par la Br\u00e9silienne de 15 ans Ana Julia Da Silva, a \u00e9t\u00e9 suivie de celles de VTT, BMX, skate et parkour. En int\u00e9rieur, une intense comp\u00e9tition de basket en trois contre trois a remplac\u00e9 la battle de danse de la veille.<\/p>\n<p>Depuis le parc, des \u00ab\u00a0ohhhh\u00a0\u00bb et autres onomatop\u00e9es impressionn\u00e9es ont accompagn\u00e9 les performances des riders locaux et internationaux. Sur les trois jours, pr\u00e8s de 200 athl\u00e8tes ont encha\u00een\u00e9 les figures les plus spectaculaires, en essuyant quelques chutes effrayantes mais sans bobos trop graves. \u00ab\u00a0Je viens depuis dix ans et je suis toujours aussi s\u00e9duit par l\u2019ambiance festive et le niveau incroyable des sportifs qui se donnent r\u00e9ellement \u00e0 fond\u00a0\u00bb, salue Fabrice, fid\u00e8le visiteur.<\/p>\n<p>L\u2019\u00e9v\u00e9nement s\u2019est achev\u00e9 dans une ambiance \u00e9lectrique, avec un bel hommage \u00ab\u00a0aux plus de 200 b\u00e9n\u00e9voles sans lesquels le NL n\u2019existerait pas\u00a0\u00bb. \u00ab\u00a0Nous avons v\u00e9cu un tr\u00e8s beau show, avec un public de plus en plus cosmopolite. Des familles enti\u00e8res sont venues, des enfants aux grands-parents\u00a0\u00bb, se r\u00e9jouit Annabelle Bendel, pr\u00e9sidente du NL Contest. Elle promet d\u2019ores et d\u00e9j\u00e0 une \u00e9dition exceptionnelle pour l\u2019ann\u00e9e prochaine, \u00e0 l\u2019occasion des 20 ans du festival.<\/p>\n","protected":false},"excerpt":{"rendered":"200 athl\u00e8tes au rendez-vous Au programme de cette derni\u00e8re journ\u00e9e, la tr\u00e8s belle finale de roller femme, remport\u00e9e&hellip;\n","protected":false},"author":2,"featured_media":127623,"comment_status":"","ping_status":"","sticky":false,"template":"","format":"standard","meta":{"footnotes":""},"categories":[2820],"tags":[1111,11,2389,1687,2880,1777,674,3326,107,1011,27,5325,2798,775,12,25,3140,640,2879],"class_list":{"0":"post-127622","1":"post","2":"type-post","3":"status-publish","4":"format-standard","5":"has-post-thumbnail","7":"category-strasbourg","8":"tag-actu","9":"tag-actualites","10":"tag-alsace","11":"tag-culture-loisirs","12":"tag-edition-strasbourg","13":"tag-eu","14":"tag-europe","15":"tag-fete-locale","16":"tag-fil-info","17":"tag-fr","18":"tag-france","19":"tag-galerie-media","20":"tag-galerie-photo","21":"tag-grand-est","22":"tag-news","23":"tag-republique-francaise","24":"tag-spectacle","25":"tag-strasbourg","26":"tag-strasbourg-ville"},"share_on_mastodon":{"url":"https:\/\/pubeurope.com\/@fr\/114570107472295818","error":""},"_links":{"self":[{"href":"https:\/\/www.europesays.com\/fr\/wp-json\/wp\/v2\/posts\/127622","targetHints":{"allow":["GET"]}}],"collection":[{"href":"https:\/\/www.europesays.com\/fr\/wp-json\/wp\/v2\/posts"}],"about":[{"href":"https:\/\/www.europesays.com\/fr\/wp-json\/wp\/v2\/types\/post"}],"author":[{"embeddable":true,"href":"https:\/\/www.europesays.com\/fr\/wp-json\/wp\/v2\/users\/2"}],"replies":[{"embeddable":true,"href":"https:\/\/www.europesays.com\/fr\/wp-json\/wp\/v2\/comments?post=127622"}],"version-history":[{"count":0,"href":"https:\/\/www.europesays.com\/fr\/wp-json\/wp\/v2\/posts\/127622\/revisions"}],"wp:featuredmedia":[{"embeddable":true,"href":"https:\/\/www.europesays.com\/fr\/wp-json\/wp\/v2\/media\/127623"}],"wp:attachment":[{"href":"https:\/\/www.europesays.com\/fr\/wp-json\/wp\/v2\/media?parent=127622"}],"wp:term":[{"taxonomy":"category","embeddable":true,"href":"https:\/\/www.europesays.com\/fr\/wp-json\/wp\/v2\/categories?post=127622"},{"taxonomy":"post_tag","embeddable":true,"href":"https:\/\/www.europesays.com\/fr\/wp-json\/wp\/v2\/tags?post=127622"}],"curies":[{"name":"wp","href":"https:\/\/api.w.org\/{rel}","templated":true}]}}