{"id":127642,"date":"2025-05-25T19:36:16","date_gmt":"2025-05-25T19:36:16","guid":{"rendered":"https:\/\/www.europesays.com\/fr\/127642\/"},"modified":"2025-05-25T19:36:16","modified_gmt":"2025-05-25T19:36:16","slug":"marseille-film-2016-tf1","status":"publish","type":"post","link":"https:\/\/www.europesays.com\/fr\/127642\/","title":{"rendered":"Marseille &#8211; Film (2016) | TF1+"},"content":{"rendered":"<p>Informations<\/p>\n<p class=\"default-2\">Paolo, depuis 25 ans au Canada, se voit contraint de retourner dans sa ville d&rsquo;origine : Marseille, qu&rsquo;il avait pourtant fui \u00e0 la suite d&rsquo;un drame. En effet, son fr\u00e8re, Joseph, lui apprend que son p\u00e8re est gravement malade et qu&rsquo;il le r\u00e9clame \u00e0 son chevet. Bon gr\u00e9 mal gr\u00e9, Paolo quitte le calme et l&rsquo;harmonie de la vie qu&rsquo;il a construite au Canada pour retrouver les tumultes de la cit\u00e9 phoc\u00e9enne, sa famille et peut-\u00eatre l&rsquo;amour ?<\/p>\n<p>Langues et sous-titres<\/p>\n<p>Disponible sur certains \u00e9pisodes\/\u00e9missions<\/p>\n<p>Casting<\/p>\n<p class=\"default-2 flex text-secondary\">Kad Merad, Patrick Bosso, Venantino Venantini, Anne Charrier, Judith El Zein, Julien Boisselier, Louis-Do de Lencquesaing, Philippe Lefebvre, Mathieu Madenian, Norbert Godji<\/p>\n<p>R\u00e9alis\u00e9 par<\/p>\n<p class=\"default-2 flex text-secondary\">Kad Merad<\/p>\n","protected":false},"excerpt":{"rendered":"Informations Paolo, depuis 25 ans au Canada, se voit contraint de retourner dans sa ville d&rsquo;origine : Marseille,&hellip;\n","protected":false},"author":2,"featured_media":127643,"comment_status":"","ping_status":"","sticky":false,"template":"","format":"standard","meta":{"footnotes":""},"categories":[2814],"tags":[1111,11,1777,674,25124,25122,1011,27,884,25123,25125,25128,25126,12,882,25,25129,25127],"class_list":{"0":"post-127642","1":"post","2":"type-post","3":"status-publish","4":"format-standard","5":"has-post-thumbnail","7":"category-marseille","8":"tag-actu","9":"tag-actualites","10":"tag-eu","11":"tag-europe","12":"tag-film-2016","13":"tag-film-marseille","14":"tag-fr","15":"tag-france","16":"tag-marseille","17":"tag-marseille-film","18":"tag-marseille-film-2016","19":"tag-marseille-film-streaming","20":"tag-marseille-streaming","21":"tag-news","22":"tag-provence-alpes-cote-dazur","23":"tag-republique-francaise","24":"tag-streaming-film-marseille","25":"tag-streaming-marseille"},"share_on_mastodon":{"url":"https:\/\/pubeurope.com\/@fr\/114570158642672331","error":""},"_links":{"self":[{"href":"https:\/\/www.europesays.com\/fr\/wp-json\/wp\/v2\/posts\/127642","targetHints":{"allow":["GET"]}}],"collection":[{"href":"https:\/\/www.europesays.com\/fr\/wp-json\/wp\/v2\/posts"}],"about":[{"href":"https:\/\/www.europesays.com\/fr\/wp-json\/wp\/v2\/types\/post"}],"author":[{"embeddable":true,"href":"https:\/\/www.europesays.com\/fr\/wp-json\/wp\/v2\/users\/2"}],"replies":[{"embeddable":true,"href":"https:\/\/www.europesays.com\/fr\/wp-json\/wp\/v2\/comments?post=127642"}],"version-history":[{"count":0,"href":"https:\/\/www.europesays.com\/fr\/wp-json\/wp\/v2\/posts\/127642\/revisions"}],"wp:featuredmedia":[{"embeddable":true,"href":"https:\/\/www.europesays.com\/fr\/wp-json\/wp\/v2\/media\/127643"}],"wp:attachment":[{"href":"https:\/\/www.europesays.com\/fr\/wp-json\/wp\/v2\/media?parent=127642"}],"wp:term":[{"taxonomy":"category","embeddable":true,"href":"https:\/\/www.europesays.com\/fr\/wp-json\/wp\/v2\/categories?post=127642"},{"taxonomy":"post_tag","embeddable":true,"href":"https:\/\/www.europesays.com\/fr\/wp-json\/wp\/v2\/tags?post=127642"}],"curies":[{"name":"wp","href":"https:\/\/api.w.org\/{rel}","templated":true}]}}