{"id":127646,"date":"2025-05-25T19:38:11","date_gmt":"2025-05-25T19:38:11","guid":{"rendered":"https:\/\/www.europesays.com\/fr\/127646\/"},"modified":"2025-05-25T19:38:11","modified_gmt":"2025-05-25T19:38:11","slug":"le-pilote-blesse-a-la-machoire","status":"publish","type":"post","link":"https:\/\/www.europesays.com\/fr\/127646\/","title":{"rendered":"le pilote bless\u00e9 \u00e0 la m\u00e2choire"},"content":{"rendered":"<p>Le jeune homme, \u00e2g\u00e9 de 17 ou 18 ans, qui avait chut\u00e9 sans casque, vendredi soir, au cours d\u2019un rod\u00e9o urbain \u00e0 moto, dans le quartier de La Duch\u00e8re (Lyon 9e ), s\u2019est vu d\u00e9livrer cinq jours d\u2019incapacit\u00e9 totale de travail, a appris Le Progr\u00e8s. Il \u00e9tait tomb\u00e9, vers 20\u00a0h\u00a045, <a href=\"https:\/\/www.leprogres.fr\/faits-divers-justice\/2025\/05\/24\/rodeo-urbain-a-la-duchere-un-jeune-homme-gravement-blesse-apres-une-chute-a-deux-roues\" target=\"_blank\" rel=\"nofollow noopener\">avenue Andre\u00ef-Sakharov<\/a>. L\u2019exploitation des cam\u00e9ras de vid\u00e9osurveillance a confirm\u00e9 qu\u2019il n\u2019\u00e9tait suivi par aucun v\u00e9hicule au moment de l\u2019accident.<\/p>\n<p>Ce contenu est bloqu\u00e9 car vous n&rsquo;avez pas accept\u00e9 les cookies et autres traceurs.<\/p>\n<p>En cliquant sur \u00ab J\u2019accepte \u00bb, les cookies et autres traceurs seront d\u00e9pos\u00e9s et vous pourrez visualiser les contenus  (<a href=\"\" class=\"consentModule_policy\" target=\"_blank\" title=\"Consulter la politique de protection des donn\u00e9es du fournisseur\">plus d&rsquo;informations<\/a>).<\/p>\n<p>En cliquant sur \u00ab J\u2019accepte tous les cookies \u00bb, vous autorisez des d\u00e9p\u00f4ts de cookies et autres traceurs pour le stockage de vos donn\u00e9es sur nos sites et applications \u00e0 des fins de personnalisation et de ciblage publicitaire.<\/p>\n<p class=\"consentModule_secondaryText\">Vous gardez la possibilit\u00e9 de retirer votre consentement \u00e0 tout moment en consultant notre <a href=\"https:\/\/www.leprogres.fr\/protection-des-donnees\" target=\"_blank\" title=\"Consulter notre politique de protection des donn\u00e9es\" rel=\"nofollow noopener\">politique de protection des donn\u00e9es<\/a>. <br \/>&#13;<br \/>\n            <a href=\"https:\/\/www.leprogres.fr\/faits-divers-justice\/2025\/05\/25\/javascript:Didomi.notice.show()\" class=\"consentModule_cmp\" rel=\"nofollow noopener\" target=\"_blank\">G\u00e9rer mes choix<\/a>&#13;\n        <\/p>\n<p>&#13;<br \/>\n                        J&rsquo;accepte&#13;<br \/>\n            J&rsquo;accepte tous les cookies&#13;\n        <\/p>\n<p>Ce deux-roues avait d\u00e9j\u00e0 \u00e9t\u00e9 vu dans le quartier, conduit par au moins un autre individu, et avait disparu avant l\u2019arriv\u00e9e de la police sur les lieux de l\u2019accident, 15 minutes apr\u00e8s la chute. Le pilote n\u2019a pas pu \u00eatre entendu au cours du week-end par les forces de l\u2019ordre, dans le cadre de l\u2019enqu\u00eate ouverte, en raison d\u2019une blessure au maxillaire (m\u00e2choire sup\u00e9rieure).<\/p>\n","protected":false},"excerpt":{"rendered":"Le jeune homme, \u00e2g\u00e9 de 17 ou 18 ans, qui avait chut\u00e9 sans casque, vendredi soir, au cours&hellip;\n","protected":false},"author":2,"featured_media":127647,"comment_status":"","ping_status":"","sticky":false,"template":"","format":"standard","meta":{"footnotes":""},"categories":[1889],"tags":[119,1111,11,2430,2757,1777,674,274,107,1011,27,2428,2756,12,25,2429],"class_list":{"0":"post-127646","1":"post","2":"type-post","3":"status-publish","4":"format-standard","5":"has-post-thumbnail","7":"category-lyon","8":"tag-accident","9":"tag-actu","10":"tag-actualites","11":"tag-auvergne-rhone-alpes","12":"tag-edition-lyon-villeurbanne","13":"tag-eu","14":"tag-europe","15":"tag-faits-divers-justice","16":"tag-fil-info","17":"tag-fr","18":"tag-france","19":"tag-lyon","20":"tag-lyon-bassin","21":"tag-news","22":"tag-republique-francaise","23":"tag-rhone"},"share_on_mastodon":{"url":"https:\/\/pubeurope.com\/@fr\/114570166430995961","error":""},"_links":{"self":[{"href":"https:\/\/www.europesays.com\/fr\/wp-json\/wp\/v2\/posts\/127646","targetHints":{"allow":["GET"]}}],"collection":[{"href":"https:\/\/www.europesays.com\/fr\/wp-json\/wp\/v2\/posts"}],"about":[{"href":"https:\/\/www.europesays.com\/fr\/wp-json\/wp\/v2\/types\/post"}],"author":[{"embeddable":true,"href":"https:\/\/www.europesays.com\/fr\/wp-json\/wp\/v2\/users\/2"}],"replies":[{"embeddable":true,"href":"https:\/\/www.europesays.com\/fr\/wp-json\/wp\/v2\/comments?post=127646"}],"version-history":[{"count":0,"href":"https:\/\/www.europesays.com\/fr\/wp-json\/wp\/v2\/posts\/127646\/revisions"}],"wp:featuredmedia":[{"embeddable":true,"href":"https:\/\/www.europesays.com\/fr\/wp-json\/wp\/v2\/media\/127647"}],"wp:attachment":[{"href":"https:\/\/www.europesays.com\/fr\/wp-json\/wp\/v2\/media?parent=127646"}],"wp:term":[{"taxonomy":"category","embeddable":true,"href":"https:\/\/www.europesays.com\/fr\/wp-json\/wp\/v2\/categories?post=127646"},{"taxonomy":"post_tag","embeddable":true,"href":"https:\/\/www.europesays.com\/fr\/wp-json\/wp\/v2\/tags?post=127646"}],"curies":[{"name":"wp","href":"https:\/\/api.w.org\/{rel}","templated":true}]}}